{"id":12600,"date":"2026-03-08T20:10:33","date_gmt":"2026-03-08T19:10:33","guid":{"rendered":"https:\/\/troczewski2.pl\/?p=12600"},"modified":"2026-03-08T20:10:34","modified_gmt":"2026-03-08T19:10:34","slug":"dzien-dla-planety","status":"publish","type":"post","link":"https:\/\/troczewski2.pl\/index.php\/2026\/03\/08\/dzien-dla-planety\/","title":{"rendered":"Dzie\u0144 dla planety"},"content":{"rendered":"\n<p>Dzie\u0144 bez elektro\u015bmieci = Dzie\u0144 dla planety! Podczas kolejnych ekowarsztat\u00f3w, kt\u00f3re odby\u0142y si\u0119 5 marca 2026r. w ZSZ Nr 2 im.dr A.Troczewskiego, uczniowie i uczennice klasy 3 TZ \u017cug zapoznali si\u0119 z ide\u0105 oraz przes\u0142aniem Mi\u0119dzynarodowego Dnia Bez Elektro\u015bmieci, kt\u00f3rego celem jest zwr\u00f3cenie uwagi na problem rosn\u0105cej ilo\u015bci zu\u017cytego sprz\u0119tu elektronicznego oraz promowanie odpowiedzialnego post\u0119powania z elektroodpadami.W trakcie zaj\u0119\u0107 uczestnicy wzi\u0119li udzia\u0142 w interaktywnym quizie, kt\u00f3ry pozwoli\u0142 im utrwali\u0107 i poszerzy\u0107 wiedz\u0119 na temat elektro\u015bmieci, ich wp\u0142ywu na \u015brodowisko oraz sposob\u00f3w ich w\u0142a\u015bciwej segregacji i recyklingu.Nast\u0119pnie uczniowie pracowali w grupach, wcielaj\u0105c si\u0119 w rol\u0119 organizator\u00f3w Mi\u0119dzynarodowego Dnia Bez Elektro\u015bmieci. Ich zadaniem by\u0142o opracowanie pomys\u0142u na szkoln\u0105 kampani\u0119 informacyjn\u0105, kt\u00f3rej celem by\u0142oby zwi\u0119kszenie \u015bwiadomo\u015bci spo\u0142eczno\u015bci szkolnej na temat problemu elektroodpad\u00f3w oraz zach\u0119cenie do odpowiedzialnego korzystania ze sprz\u0119tu elektronicznego.Warsztaty mia\u0142y charakter aktywizuj\u0105cy i edukacyjny, a ich g\u0142\u00f3wnym celem by\u0142o rozwijanie \u015bwiadomo\u015bci ekologicznej oraz kszta\u0142towanie postaw pro\u015brodowiskowych w\u015br\u00f3d m\u0142odzie\u017cy.<\/p>\n","protected":false},"excerpt":{"rendered":"<p>Dzie\u0144 bez elektro\u015bmieci = Dzie\u0144 dla planety! Podczas kolejnych ekowarsztat\u00f3w, kt\u00f3re odby\u0142y si\u0119 5 marca 2026r. w ZSZ Nr 2 im.dr A.Troczewskiego, uczniowie i uczennice klasy 3 TZ \u017cug zapoznali si\u0119 z ide\u0105 oraz przes\u0142aniem Mi\u0119dzynarodowego Dnia Bez Elektro\u015bmieci, kt\u00f3rego celem jest zwr\u00f3cenie uwagi na problem rosn\u0105cej ilo\u015bci zu\u017cytego sprz\u0119tu elektronicznego oraz promowanie odpowiedzialnego post\u0119powania [&hellip;]<\/p>\n","protected":false},"author":3,"featured_media":0,"comment_status":"closed","ping_status":"open","sticky":false,"template":"","format":"gallery","meta":[],"categories":[34],"tags":[],"_links":{"self":[{"href":"https:\/\/troczewski2.pl\/index.php\/wp-json\/wp\/v2\/posts\/12600"}],"collection":[{"href":"https:\/\/troczewski2.pl\/index.php\/wp-json\/wp\/v2\/posts"}],"about":[{"href":"https:\/\/troczewski2.pl\/index.php\/wp-json\/wp\/v2\/types\/post"}],"author":[{"embeddable":true,"href":"https:\/\/troczewski2.pl\/index.php\/wp-json\/wp\/v2\/users\/3"}],"replies":[{"embeddable":true,"href":"https:\/\/troczewski2.pl\/index.php\/wp-json\/wp\/v2\/comments?post=12600"}],"version-history":[{"count":1,"href":"https:\/\/troczewski2.pl\/index.php\/wp-json\/wp\/v2\/posts\/12600\/revisions"}],"predecessor-version":[{"id":12603,"href":"https:\/\/troczewski2.pl\/index.php\/wp-json\/wp\/v2\/posts\/12600\/revisions\/12603"}],"wp:attachment":[{"href":"https:\/\/troczewski2.pl\/index.php\/wp-json\/wp\/v2\/media?parent=12600"}],"wp:term":[{"taxonomy":"category","embeddable":true,"href":"https:\/\/troczewski2.pl\/index.php\/wp-json\/wp\/v2\/categories?post=12600"},{"taxonomy":"post_tag","embeddable":true,"href":"https:\/\/troczewski2.pl\/index.php\/wp-json\/wp\/v2\/tags?post=12600"}],"curies":[{"name":"wp","href":"https:\/\/api.w.org\/{rel}","templated":true}]}}