{"id":12690,"date":"2026-03-16T01:08:32","date_gmt":"2026-03-16T00:08:32","guid":{"rendered":"https:\/\/troczewski2.pl\/?p=12690"},"modified":"2026-03-16T01:08:33","modified_gmt":"2026-03-16T00:08:33","slug":"sukcesy-uczniow-troczewskiego-w-xlviii-olimpiadzie-wiedzy-o-mleku-i-mleczarstwie","status":"publish","type":"post","link":"https:\/\/troczewski2.pl\/index.php\/2026\/03\/16\/sukcesy-uczniow-troczewskiego-w-xlviii-olimpiadzie-wiedzy-o-mleku-i-mleczarstwie\/","title":{"rendered":"Sukcesy uczni\u00f3w Troczewskiego w XLVIII Olimpiadzie Wiedzy o Mleku i Mleczarstwie"},"content":{"rendered":"\n<p>Sukcesy uczni\u00f3w Troczewskiego w XLVIII Olimpiadzie Wiedzy o Mleku i Mleczarstwie. W dniach 9 \u2013 11 marca odby\u0142a si\u0119 w Zespole Szk\u00f3\u0142 nr 3 im. Bogdana Che\u0142mickiego w Rypinie XLVIII Olimpiada Wiedzy o Mleku i Mleczarstwie. Nasz\u0105 szko\u0142\u0119 reprezentowali Bartosz Rzetelski &#8211; ucze\u0144 klasy III TZ \u2013 technik technologii \u017cywno\u015bci i Aleksandra Lasota uczennica klasy IV TZ \u2013 technik technologii \u017cywno\u015bci.Z wielk\u0105 dum\u0105, informujemy o sukcesie Bartosza Rzetelskiego, kt\u00f3ry zaj\u0105\u0142 IV miejsce w XLVIII Olimpiadzie Wiedzy o Mleku i Mleczarstwie i uzyska\u0142 tytu\u0142 laureata. Aleksandra Lasota r\u00f3wnie\u017c zakwalifikowa\u0142a si\u0119 do III etapu Olimpiady i uzyska\u0142a tytu\u0142 finalisty.Wszyscy laureaci i finali\u015bci wywalczyli zwolnienie z cz\u0119\u015bci pisemnej egzaminu z kwalifikacji w zawodzie technik technologii \u017cywno\u015bci z wynikiem 100%. Ponadto prof. UWM dr hab. Jaros\u0142aw Kowalik wr\u0119czy\u0142 laureatom indeksy na Wydzia\u0142 Nauki o \u017bywno\u015bci Uniwersytetu Warmi\u0144sko -Mazurskiego.Olimpiada niezmiennie od 48 lat cieszy si\u0119 wielkim zainteresowaniem w\u015br\u00f3d uczni\u00f3w. M\u0142odzi pasjonaci mleczarstwa przez trzy dni wsp\u00f3\u0142zawodnicz\u0105 nie tylko o nagrody i presti\u017c, ale przede wszystkim maj\u0105 niepowtarzaln\u0105 okazj\u0119, aby pog\u0142\u0119bi\u0107 swoj\u0105 wiedz\u0119 z zakresu technologii mleczarstwa oraz spotka\u0107 si\u0119 z uczniami z innych szk\u00f3\u0142 z terenu ca\u0142ej Polski.Idea tej olimpiady to popularyzacja wiedzy o mleku, jego warto\u015bciach od\u017cywczych oraz technologii przetw\u00f3rstwa mleczarskiego w\u015br\u00f3d uczni\u00f3w szk\u00f3\u0142 ponadpodstawowych. Serdecznie gratulujemy Bartoszowi i Aleksandrze oraz opiekunom merytorycznym, p. El\u017cbiecie Olejniczak i p. Annie Sujeckiej, za przygotowanie do olimpiady. \u017byczymy dalszych sukces\u00f3w zawodowych.<\/p>\n","protected":false},"excerpt":{"rendered":"<p>Sukcesy uczni\u00f3w Troczewskiego w XLVIII Olimpiadzie Wiedzy o Mleku i Mleczarstwie. W dniach 9 \u2013 11 marca odby\u0142a si\u0119 w Zespole Szk\u00f3\u0142 nr 3 im. Bogdana Che\u0142mickiego w Rypinie XLVIII Olimpiada Wiedzy o Mleku i Mleczarstwie. Nasz\u0105 szko\u0142\u0119 reprezentowali Bartosz Rzetelski &#8211; ucze\u0144 klasy III TZ \u2013 technik technologii \u017cywno\u015bci i Aleksandra Lasota uczennica klasy [&hellip;]<\/p>\n","protected":false},"author":3,"featured_media":0,"comment_status":"closed","ping_status":"open","sticky":false,"template":"","format":"gallery","meta":[],"categories":[34],"tags":[],"_links":{"self":[{"href":"https:\/\/troczewski2.pl\/index.php\/wp-json\/wp\/v2\/posts\/12690"}],"collection":[{"href":"https:\/\/troczewski2.pl\/index.php\/wp-json\/wp\/v2\/posts"}],"about":[{"href":"https:\/\/troczewski2.pl\/index.php\/wp-json\/wp\/v2\/types\/post"}],"author":[{"embeddable":true,"href":"https:\/\/troczewski2.pl\/index.php\/wp-json\/wp\/v2\/users\/3"}],"replies":[{"embeddable":true,"href":"https:\/\/troczewski2.pl\/index.php\/wp-json\/wp\/v2\/comments?post=12690"}],"version-history":[{"count":1,"href":"https:\/\/troczewski2.pl\/index.php\/wp-json\/wp\/v2\/posts\/12690\/revisions"}],"predecessor-version":[{"id":12702,"href":"https:\/\/troczewski2.pl\/index.php\/wp-json\/wp\/v2\/posts\/12690\/revisions\/12702"}],"wp:attachment":[{"href":"https:\/\/troczewski2.pl\/index.php\/wp-json\/wp\/v2\/media?parent=12690"}],"wp:term":[{"taxonomy":"category","embeddable":true,"href":"https:\/\/troczewski2.pl\/index.php\/wp-json\/wp\/v2\/categories?post=12690"},{"taxonomy":"post_tag","embeddable":true,"href":"https:\/\/troczewski2.pl\/index.php\/wp-json\/wp\/v2\/tags?post=12690"}],"curies":[{"name":"wp","href":"https:\/\/api.w.org\/{rel}","templated":true}]}}