{"id":12775,"date":"2026-03-17T07:47:01","date_gmt":"2026-03-17T06:47:01","guid":{"rendered":"https:\/\/troczewski2.pl\/?p=12775"},"modified":"2026-03-17T07:47:04","modified_gmt":"2026-03-17T06:47:04","slug":"swieto-patrona-szkoly","status":"publish","type":"post","link":"https:\/\/troczewski2.pl\/index.php\/2026\/03\/17\/swieto-patrona-szkoly\/","title":{"rendered":"\u015awi\u0119to Patrona Szko\u0142y"},"content":{"rendered":"\n<p>13 marca 2026 r. w mury naszej szko\u0142y, na uroczysto\u015b\u0107 z okazji \u015bwi\u0119ta jej patrona, przybyli zaproszeni go\u015bcie: Wicestarosta Powiatu Kutnowskiego- p. Anna Konwerska; Przewodnicz\u0105cy Rady Powiatu Starostwa Powiatowego w Kutnie &#8211; p. Marek Drabik, pa\u0144stwo Katarzyna i Marek Wo\u015bko &#8211; Prezes Zarz\u0105du Polfarmex S.A. Kutno, a tak\u017ce p. Sylwia Chojnacka &#8211; przedstawicielka Firmy Animex Foods Sp.z o.o Sp. z o.o. Oddzia\u0142 K 4 w Kutnie.Pani dyrektor Joanna Zieli\u0144ska w swojej przemowie przypomnia\u0142a o wydarzeniach i warto\u015bciach, kt\u00f3re tworzy\u0142y histori\u0119 plac\u00f3wki, a tak\u017ce podzi\u0119kowa\u0142a przedstawicielom przedsi\u0119biorstw, pracownikom szko\u0142y, nauczycielom i uczniom- laureatom olimpiad na szczeblu centralnym.Jednym z punkt\u00f3w uroczysto\u015bci by\u0142 fina\u0142 Kokursu Wiedzy o Patronie Szko\u0142y w formie teleturnieju &#8221; Jeden z dziesi\u0119ciu&#8221;. Zwyci\u0119zcami okazali si\u0119: Adam Jujka i Antoni Stelmaszewski ( I miejsce), Patryk Kacprzak (II miejsce) oraz Tomasz Mycka (III miejsce).<img height=\"16\" width=\"16\" alt=\"&#x1f44f;\" src=\"https:\/\/static.xx.fbcdn.net\/images\/emoji.php\/v9\/tfe\/1\/16\/1f44f.png\"><img height=\"16\" width=\"16\" alt=\"&#x1f44f;\" src=\"https:\/\/static.xx.fbcdn.net\/images\/emoji.php\/v9\/tfe\/1\/16\/1f44f.png\"><img height=\"16\" width=\"16\" alt=\"&#x1f44f;\" src=\"https:\/\/static.xx.fbcdn.net\/images\/emoji.php\/v9\/tfe\/1\/16\/1f44f.png\">Podczas spotkania m\u0142odzie\u017c zaprezentowa\u0142a program artystyczny po\u015bwi\u0119cony doktorowi Troczewskiemu, aby przybli\u017cy\u0107 zgromadzonym \u017cycie i dzia\u0142alno\u015b\u0107 tego znakomitego lekarza i spo\u0142ecznika.Zgodnie z tradycj\u0105, po oficjalnej cz\u0119\u015bci uroczysto\u015bci przyszed\u0142 czas na coroczn\u0105 gal\u0119 \u201eAnto\u015bk\u00f3w\u201d. Nagrodzeni zostali nauczyciele w nast\u0119puj\u0105cych kategoriach: \u201eSokole Oko\u201d-p. J. Ry\u015b; \u201eKlasa Sama w Sobie\u201d- p. D. Maj; \u201eZ\u0142ota Riposta\u201d- p. R. Taglewski; \u201eLotnik Roku\u201d- p. I Kowalik; \u201eCz\u0142owiek-Baga\u017c\u201d- p. K. Karasi\u0144ska-Pirowska i p. E. Golis; ,,Lider Rozwoju&#8221;- p.J Ry\u015b,\u201eCool Nauczyciel\u201d-p. K. Karasi\u0144ska-Pirowska; \u201eOaza Spokoju\u201d- p. A. Szymczak; \u201eMistrz Dygresji\u201d- p. L. Wieczorek; \u201eStra\u017cniczki Przysz\u0142o\u015bci\u201d- p. J. Zieli\u0144ska, p. B. Rosiak- Indrzejczyk i p. J. Ry\u015b; \u201eGrzybko-Nauczyciel\u201d- p. M. Zi\u0119bi\u0144ska. <img height=\"16\" width=\"16\" alt=\"&#x1f44f;\" src=\"https:\/\/static.xx.fbcdn.net\/images\/emoji.php\/v9\/tfe\/1\/16\/1f44f.png\"><img height=\"16\" width=\"16\" alt=\"&#x1f44f;\" src=\"https:\/\/static.xx.fbcdn.net\/images\/emoji.php\/v9\/tfe\/1\/16\/1f44f.png\"><img height=\"16\" width=\"16\" alt=\"&#x1f44f;\" src=\"https:\/\/static.xx.fbcdn.net\/images\/emoji.php\/v9\/tfe\/1\/16\/1f44f.png\">Wyr\u00f3\u017cnieni zostali tak\u017ce nast\u0119puj\u0105cy uczniowie: \u201eNajlepszy Sportowiec\u201d- Bartosz Kotli\u0144ski; \u201eNajlepsza Dru\u017cyna Sportowa\u201d- Pi\u0142ka R\u0119czna Dziewcz\u0105t; \u201e Mistrz Zawodu\u201d- Wiktoria Banasiak, Natalia Madalska, Aleksandra Lasota i Bartosz Rzetelski; \u201eCichy Bohater\u201d- Marcelina Fabija\u0144ska; \u201e\u017bartowni\u015b Roku\u201d- Szymon Rojkowski; \u201eWirtuoz D\u0142ugopisu\u201d- Kacper Cicho\u0144ski; \u201e Mistrz Wielkiego Wej\u015bcia\u201d- Antoni Brzd\u0119k, Pawe\u0142 \u0141uczy\u0144ski i Szymon Rojkowski.<img height=\"16\" width=\"16\" alt=\"&#x1f44f;\" src=\"https:\/\/static.xx.fbcdn.net\/images\/emoji.php\/v9\/tfe\/1\/16\/1f44f.png\"><img height=\"16\" width=\"16\" alt=\"&#x1f44f;\" src=\"https:\/\/static.xx.fbcdn.net\/images\/emoji.php\/v9\/tfe\/1\/16\/1f44f.png\"><img height=\"16\" width=\"16\" alt=\"&#x1f44f;\" src=\"https:\/\/static.xx.fbcdn.net\/images\/emoji.php\/v9\/tfe\/1\/16\/1f44f.png\"><img height=\"16\" width=\"16\" alt=\"&#x1f9c1;\" src=\"https:\/\/static.xx.fbcdn.net\/images\/emoji.php\/v9\/tbf\/1\/16\/1f9c1.png\"><img height=\"16\" width=\"16\" alt=\"&#x1f967;\" src=\"https:\/\/static.xx.fbcdn.net\/images\/emoji.php\/v9\/td2\/1\/16\/1f967.png\">Zwie\u0144czeniem uroczysto\u015bci by\u0142 s\u0142odki pocz\u0119stunek. Na sto\u0142ach znalaz\u0142y si\u0119 wypieki przygotowane przez uczni\u00f3w naszej szko\u0142y, ale najwi\u0119kszym zainteresowaniem i uznaniem cieszy\u0142 si\u0119 tort ufundowany przez firm\u0119 Ozdowski, z kt\u00f3r\u0105 szko\u0142a wsp\u00f3\u0142pracuje ju\u017c od wielu lat.<img height=\"16\" width=\"16\" alt=\"&#x1f382;\" src=\"https:\/\/static.xx.fbcdn.net\/images\/emoji.php\/v9\/t5\/1\/16\/1f382.png\">Dzie\u0144 Patrona Szko\u0142y up\u0142yn\u0105\u0142 w bardzo donios\u0142ej atmosferze. By\u0142 to czas, kt\u00f3ry pozwoli\u0142 nam jeszcze lepiej pozna\u0107 oraz przypomnie\u0107 sobie posta\u0107 naszego patrona. Wspominaj\u0105c jego \u017cycie i warto\u015bci, mogli\u015bmy na nowo u\u015bwiadomi\u0107 sobie, jak wa\u017cn\u0105 inspiracj\u0105 pozostaje on dla ca\u0142ej spo\u0142eczno\u015bci szkolnej.<\/p>\n","protected":false},"excerpt":{"rendered":"<p>13 marca 2026 r. w mury naszej szko\u0142y, na uroczysto\u015b\u0107 z okazji \u015bwi\u0119ta jej patrona, przybyli zaproszeni go\u015bcie: Wicestarosta Powiatu Kutnowskiego- p. Anna Konwerska; Przewodnicz\u0105cy Rady Powiatu Starostwa Powiatowego w Kutnie &#8211; p. Marek Drabik, pa\u0144stwo Katarzyna i Marek Wo\u015bko &#8211; Prezes Zarz\u0105du Polfarmex S.A. Kutno, a tak\u017ce p. Sylwia Chojnacka &#8211; przedstawicielka Firmy Animex [&hellip;]<\/p>\n","protected":false},"author":3,"featured_media":0,"comment_status":"closed","ping_status":"open","sticky":false,"template":"","format":"gallery","meta":[],"categories":[34],"tags":[],"_links":{"self":[{"href":"https:\/\/troczewski2.pl\/index.php\/wp-json\/wp\/v2\/posts\/12775"}],"collection":[{"href":"https:\/\/troczewski2.pl\/index.php\/wp-json\/wp\/v2\/posts"}],"about":[{"href":"https:\/\/troczewski2.pl\/index.php\/wp-json\/wp\/v2\/types\/post"}],"author":[{"embeddable":true,"href":"https:\/\/troczewski2.pl\/index.php\/wp-json\/wp\/v2\/users\/3"}],"replies":[{"embeddable":true,"href":"https:\/\/troczewski2.pl\/index.php\/wp-json\/wp\/v2\/comments?post=12775"}],"version-history":[{"count":1,"href":"https:\/\/troczewski2.pl\/index.php\/wp-json\/wp\/v2\/posts\/12775\/revisions"}],"predecessor-version":[{"id":12828,"href":"https:\/\/troczewski2.pl\/index.php\/wp-json\/wp\/v2\/posts\/12775\/revisions\/12828"}],"wp:attachment":[{"href":"https:\/\/troczewski2.pl\/index.php\/wp-json\/wp\/v2\/media?parent=12775"}],"wp:term":[{"taxonomy":"category","embeddable":true,"href":"https:\/\/troczewski2.pl\/index.php\/wp-json\/wp\/v2\/categories?post=12775"},{"taxonomy":"post_tag","embeddable":true,"href":"https:\/\/troczewski2.pl\/index.php\/wp-json\/wp\/v2\/tags?post=12775"}],"curies":[{"name":"wp","href":"https:\/\/api.w.org\/{rel}","templated":true}]}}