{"id":12829,"date":"2026-03-17T07:50:52","date_gmt":"2026-03-17T06:50:52","guid":{"rendered":"https:\/\/troczewski2.pl\/?p=12829"},"modified":"2026-03-17T07:50:54","modified_gmt":"2026-03-17T06:50:54","slug":"miedzyszkolne-targi-edukacyjne-w-pacynie","status":"publish","type":"post","link":"https:\/\/troczewski2.pl\/index.php\/2026\/03\/17\/miedzyszkolne-targi-edukacyjne-w-pacynie\/","title":{"rendered":"Mi\u0119dzyszkolne Targi Edukacyjne w Pacynie"},"content":{"rendered":"\n<p>W dniu 13.03.2025 r. podczas Mi\u0119dzyszkolnych Targ\u00f3w Edukacyjnych w Pacynie nauczyciel przedmiot\u00f3w zawodowych z zakresu logistyki &#8211; p. Piotr Ma\u0142as oraz nauczyciel biologii &#8211; p. Katarzyna Gapi\u0144ska wraz z uczniami: Wiktori\u0105 Malczyk oraz Oskarem Dobrowolskim zaprezentowali uczniom klas VIII ze Szko\u0142y Podstawowej im Janusza Kusoci\u0144skiego w Pacynie oraz Szko\u0142y Podstawowej w Tr\u0119bkach i Szczawinie kierunki kszta\u0142cenia oferowane przez ZSZ Nr 2 im. dr. Antoniego Troczewskiego w Kutnie. Celem wspomnianej promocji by\u0142o przekonanie uczni\u00f3w do wyboru naszej szko\u0142y jako najlepszej oferty edukacyjnej w regionie. Podczas wydarzenia przedstawiciele szko\u0142y zaprezentowali uczniom perspektywy zawodowe zwi\u0105zane z poszczeg\u00f3lnymi profilami. Podkre\u015blali, \u017ce oferowane kierunki s\u0105 dostosowane do potrzeb wsp\u00f3\u0142czesnego rynku pracy. Stoisko szko\u0142y odwiedzi\u0142o wiele os\u00f3b, kt\u00f3re ch\u0119tnie zapoznawa\u0142y si\u0119 z ofert\u0105 edukacyjn\u0105 oraz zadawa\u0142y pytania dotycz\u0105ce rekrutacji i nauki.<\/p>\n","protected":false},"excerpt":{"rendered":"<p>W dniu 13.03.2025 r. podczas Mi\u0119dzyszkolnych Targ\u00f3w Edukacyjnych w Pacynie nauczyciel przedmiot\u00f3w zawodowych z zakresu logistyki &#8211; p. Piotr Ma\u0142as oraz nauczyciel biologii &#8211; p. Katarzyna Gapi\u0144ska wraz z uczniami: Wiktori\u0105 Malczyk oraz Oskarem Dobrowolskim zaprezentowali uczniom klas VIII ze Szko\u0142y Podstawowej im Janusza Kusoci\u0144skiego w Pacynie oraz Szko\u0142y Podstawowej w Tr\u0119bkach i Szczawinie kierunki [&hellip;]<\/p>\n","protected":false},"author":3,"featured_media":0,"comment_status":"closed","ping_status":"open","sticky":false,"template":"","format":"gallery","meta":[],"categories":[34],"tags":[],"_links":{"self":[{"href":"https:\/\/troczewski2.pl\/index.php\/wp-json\/wp\/v2\/posts\/12829"}],"collection":[{"href":"https:\/\/troczewski2.pl\/index.php\/wp-json\/wp\/v2\/posts"}],"about":[{"href":"https:\/\/troczewski2.pl\/index.php\/wp-json\/wp\/v2\/types\/post"}],"author":[{"embeddable":true,"href":"https:\/\/troczewski2.pl\/index.php\/wp-json\/wp\/v2\/users\/3"}],"replies":[{"embeddable":true,"href":"https:\/\/troczewski2.pl\/index.php\/wp-json\/wp\/v2\/comments?post=12829"}],"version-history":[{"count":1,"href":"https:\/\/troczewski2.pl\/index.php\/wp-json\/wp\/v2\/posts\/12829\/revisions"}],"predecessor-version":[{"id":12831,"href":"https:\/\/troczewski2.pl\/index.php\/wp-json\/wp\/v2\/posts\/12829\/revisions\/12831"}],"wp:attachment":[{"href":"https:\/\/troczewski2.pl\/index.php\/wp-json\/wp\/v2\/media?parent=12829"}],"wp:term":[{"taxonomy":"category","embeddable":true,"href":"https:\/\/troczewski2.pl\/index.php\/wp-json\/wp\/v2\/categories?post=12829"},{"taxonomy":"post_tag","embeddable":true,"href":"https:\/\/troczewski2.pl\/index.php\/wp-json\/wp\/v2\/tags?post=12829"}],"curies":[{"name":"wp","href":"https:\/\/api.w.org\/{rel}","templated":true}]}}