{"id":13460,"date":"2026-04-26T20:53:34","date_gmt":"2026-04-26T18:53:34","guid":{"rendered":"https:\/\/troczewski2.pl\/?p=13460"},"modified":"2026-04-26T20:53:54","modified_gmt":"2026-04-26T18:53:54","slug":"obchody-rocznicy-powstania-w-getcie-warszawskim","status":"publish","type":"post","link":"https:\/\/troczewski2.pl\/index.php\/2026\/04\/26\/obchody-rocznicy-powstania-w-getcie-warszawskim\/","title":{"rendered":"Obchody rocznicy powstania w getcie warszawskim"},"content":{"rendered":"\n<p>Obchody rocznicy powstania w getcie warszawskim w szkole s\u0105 wa\u017cnym elementem edukacji historycznej i kszta\u0142towania postaw m\u0142odzie\u017cy. Uroczysto\u015bci te maj\u0105 na celu upami\u0119tnienie bohaterstwa \u017byd\u00f3w walcz\u0105cych przeciwko okupacji niemieckiej podczas II wojny \u015bwiatowej oraz oddanie ho\u0142du ofiarom zag\u0142ady. W naszej szkole mia\u0142y miejsce lekcje po\u015bwi\u0119cone tej tematyce. Uczniowie przygotowali prezentacje w ramach lekcji historii, czytali fragmenty wspomnie\u0144 i ogl\u0105dali filmy dokumentalne. Wa\u017cnym symbolem tych obchod\u00f3w jest \u017conkil, kt\u00f3ry nawi\u0105zuje do pami\u0119ci o powstaniu i postaci Marka Edelmana \u2013 jednego z jego przyw\u00f3dc\u00f3w. Zaj\u0119cia te sta\u0142y si\u0119 okazj\u0105 do podkre\u015blenia znaczenia odwagi, solidarno\u015bci i walki o godno\u015b\u0107 cz\u0142owieka. Uczniowie mieli okazj\u0119 zastanowi\u0107 si\u0119 nad skutkami nienawi\u015bci, dyskryminacji i braku tolerancji. Obchody te ucz\u0105 szacunku dla historii oraz wra\u017cliwo\u015bci na los drugiego cz\u0142owieka. Dzi\u0119ki takim inicjatywom szko\u0142a nie tylko przekazuje wiedz\u0119, ale tak\u017ce kszta\u0142tuje postawy obywatelskie i moralne m\u0142odego pokolenia. Akcj\u0105 kierowa\u0142a p. Beata Micha\u0142kiewicz wraz z nauczycielami historii &#8211; p. Rafa\u0142em Taglewskim i p.Grzegorzem Wojtasiakiem oraz nauczycielami j. polskiego.<\/p>\n","protected":false},"excerpt":{"rendered":"<p>Obchody rocznicy powstania w getcie warszawskim w szkole s\u0105 wa\u017cnym elementem edukacji historycznej i kszta\u0142towania postaw m\u0142odzie\u017cy. Uroczysto\u015bci te maj\u0105 na celu upami\u0119tnienie bohaterstwa \u017byd\u00f3w walcz\u0105cych przeciwko okupacji niemieckiej podczas II wojny \u015bwiatowej oraz oddanie ho\u0142du ofiarom zag\u0142ady. W naszej szkole mia\u0142y miejsce lekcje po\u015bwi\u0119cone tej tematyce. Uczniowie przygotowali prezentacje w ramach lekcji historii, czytali [&hellip;]<\/p>\n","protected":false},"author":3,"featured_media":0,"comment_status":"closed","ping_status":"open","sticky":false,"template":"","format":"gallery","meta":[],"categories":[34],"tags":[],"_links":{"self":[{"href":"https:\/\/troczewski2.pl\/index.php\/wp-json\/wp\/v2\/posts\/13460"}],"collection":[{"href":"https:\/\/troczewski2.pl\/index.php\/wp-json\/wp\/v2\/posts"}],"about":[{"href":"https:\/\/troczewski2.pl\/index.php\/wp-json\/wp\/v2\/types\/post"}],"author":[{"embeddable":true,"href":"https:\/\/troczewski2.pl\/index.php\/wp-json\/wp\/v2\/users\/3"}],"replies":[{"embeddable":true,"href":"https:\/\/troczewski2.pl\/index.php\/wp-json\/wp\/v2\/comments?post=13460"}],"version-history":[{"count":1,"href":"https:\/\/troczewski2.pl\/index.php\/wp-json\/wp\/v2\/posts\/13460\/revisions"}],"predecessor-version":[{"id":13462,"href":"https:\/\/troczewski2.pl\/index.php\/wp-json\/wp\/v2\/posts\/13460\/revisions\/13462"}],"wp:attachment":[{"href":"https:\/\/troczewski2.pl\/index.php\/wp-json\/wp\/v2\/media?parent=13460"}],"wp:term":[{"taxonomy":"category","embeddable":true,"href":"https:\/\/troczewski2.pl\/index.php\/wp-json\/wp\/v2\/categories?post=13460"},{"taxonomy":"post_tag","embeddable":true,"href":"https:\/\/troczewski2.pl\/index.php\/wp-json\/wp\/v2\/tags?post=13460"}],"curies":[{"name":"wp","href":"https:\/\/api.w.org\/{rel}","templated":true}]}}