{"id":14538,"date":"2026-09-01T23:36:11","date_gmt":"2026-09-01T21:36:11","guid":{"rendered":"https:\/\/troczewski2.pl\/?p=14538"},"modified":"2026-09-01T23:36:12","modified_gmt":"2026-09-01T21:36:12","slug":"uroczyste-rozpoczecie-roku-szkolnego-2026-2027","status":"publish","type":"post","link":"https:\/\/troczewski2.pl\/index.php\/2026\/09\/01\/uroczyste-rozpoczecie-roku-szkolnego-2026-2027\/","title":{"rendered":"Uroczyste rozpocz\u0119cie roku szkolnego 2026\/2027"},"content":{"rendered":"\n<p><br>1 wrze\u015bnia 2026 roku o godzinie 9.00 uroczystym apelem rozpocz\u0119li\u015bmy nowy rok szkolny 2026\/2027. Tegoroczna inauguracja mia\u0142a szczeg\u00f3lny charakter, poniewa\u017c wraz z rozpocz\u0119ciem nowego roku szkolnego nast\u0105pi\u0142a zmiana w sk\u0142adzie kadry kierowniczej naszej szko\u0142y.<br>Uroczysto\u015b\u0107 poprowadzili Blanka Lasota i Dawid Palczewski, kt\u00f3rzy powitali dyrekcj\u0119 szko\u0142y, zaproszonych go\u015bci: wicestarost\u0119 powiatu kutnowskiego pani\u0105 Ann\u0119 Konwersk\u0105, prezesa kutnowskiego oddzia\u0142u ZNP pana Mariusza Kozarskiego oraz przewodnicz\u0105c\u0105 Rady Rodzic\u00f3w pani\u0105 Ann\u0119 Krygiel. W\u015br\u00f3d zgromadzonych nie zabrak\u0142o r\u00f3wnie\u017c nauczycieli i pracownik\u00f3w szko\u0142y, rodzic\u00f3w oraz uczni\u00f3w.<br>Inauguracja nowego roku szkolnego by\u0142a tak\u017ce okazj\u0105 do podzi\u0119kowania osobom, kt\u00f3re przez ostatnie lata pe\u0142ni\u0142y funkcje kierownicze i z zaanga\u017cowaniem pracowa\u0142y na rzecz naszej szko\u0142y. Ze swoimi stanowiskami po\u017cegna\u0142y si\u0119 panie dyrektor Joanna Zieli\u0144ska i Barbara Rosiak-Indrzejczyk oraz kierownik szkolenia praktycznego pani Julita Ry\u015b.<br>Funkcj\u0119 dyrektora szko\u0142y obj\u0119\u0142a pani Aleksandra Szymczak, kt\u00f3ra w swoim pierwszym wyst\u0105pieniu zwr\u00f3ci\u0142a si\u0119 do ca\u0142ej spo\u0142eczno\u015bci szkolnej. Na pocz\u0105tku poprosi\u0142a o uczczenie minut\u0105 ciszy 87. rocznicy wybuchu II wojny \u015bwiatowej, oddaj\u0105c ho\u0142d ofiarom tego tragicznego wydarzenia.<br>Nast\u0119pnie pani dyrektor szczeg\u00f3lnie serdecznie powita\u0142a uczni\u00f3w rozpoczynaj\u0105cych nauk\u0119 w naszej szkole. Przedstawi\u0142a r\u00f3wnie\u017c wychowawc\u00f3w klas pierwszych:<br>\u2022 pani\u0105 Mart\u0119 Nowakowsk\u0105-Rojewsk\u0105 \u2013 wychowawczyni\u0119 klasy I TZ hotel\/logistyk,<br>\u2022 pani\u0105 Izabel\u0119 Kowalik \u2013 wychowawczyni\u0119 klasy I TZ terminale,<br>\u2022 pani\u0105 Izabel\u0119 Brod\u0119 \u2013 wychowawczyni\u0119 klasy I TZ \u017cug,<br>\u2022 pani\u0105 Ma\u0142gorzat\u0119 Nowak-Kaczorkiewicz \u2013 wychowawczyni\u0119 klasy I BS I stopnia magazynier-logistyk\/kucharz.<br>W swoim przem\u00f3wieniu pani Dyrektor zwr\u00f3ci\u0142a si\u0119 r\u00f3wnie\u017c do uczni\u00f3w klas maturalnych, podkre\u015blaj\u0105c, \u017ce czeka ich rok intensywnej pracy i przygotowa\u0144 do egzaminu maturalnego. \u017byczy\u0142a im wytrwa\u0142o\u015bci, konsekwencji w realizacji cel\u00f3w oraz jak najlepszych wynik\u00f3w.<br>Wa\u017cnym i symbolicznym momentem uroczysto\u015bci by\u0142o przekazanie klucza do szko\u0142y nowej pani dyrektor oraz uca\u0142owanie sztandaru. Gest ten symbolicznie oznacza\u0142 przej\u0119cie odpowiedzialno\u015bci za szko\u0142\u0119, jej tradycj\u0119, dobre imi\u0119 i dalszy rozw\u00f3j.<br>Nie zabrak\u0142o r\u00f3wnie\u017c s\u0142\u00f3w wdzi\u0119czno\u015bci i wzrusze\u0144. Samorz\u0105d Uczniowski, w imieniu uczni\u00f3w, symbolicznym bukietem kwiat\u00f3w podzi\u0119kowa\u0142 ust\u0119puj\u0105cej dyrekcji za dotychczasow\u0105 prac\u0119, zaanga\u017cowanie i trosk\u0119 o szko\u0142\u0119. Wyrazy uznania oraz \u017cyczenia powodzenia na nowej drodze zawodowej skierowano r\u00f3wnie\u017c do pani dyrektor Aleksandry Szymczak, pani wicedyrektor Aleksandry Trukawy oraz pani Agnieszki Mularczyk, kierownika szkolenia praktycznego.<br>Tegoroczna inauguracja by\u0142a wi\u0119c nie tylko pocz\u0105tkiem kolejnego roku nauki, ale r\u00f3wnie\u017c wa\u017cnym momentem w historii naszej szko\u0142y \u2013 czasem podzi\u0119kowa\u0144, po\u017cegna\u0144 i symbolicznego przekazania odpowiedzialno\u015bci za jej dalsze losy.<br>Po uroczystym apelu uczniowie pozosta\u0142ych klas spotkali si\u0119 ze swoimi wychowawcami w wyznaczonych salach. Otrzymali najwa\u017cniejsze informacje organizacyjne dotycz\u0105ce nowego roku szkolnego.<br>Od jutra, wraz z pierwszym dzwonkiem, rozpoczynamy kolejny rok wsp\u00f3lnej nauki, pracy i nowych wyzwa\u0144.<br>\u017byczymy wszystkim uczniom, nauczycielom i pracownikom szko\u0142y, aby rok szkolny 2026\/2027 przyni\u00f3s\u0142 wiele powod\u00f3w do satysfakcji, sukces\u00f3w oraz poczucia, \u017ce wsp\u00f3lnie tworzymy miejsce, w kt\u00f3rym warto si\u0119 uczy\u0107, rozwija\u0107 i realizowa\u0107 swoje marzenia.<\/p>\n","protected":false},"excerpt":{"rendered":"<p>1 wrze\u015bnia 2026 roku o godzinie 9.00 uroczystym apelem rozpocz\u0119li\u015bmy nowy rok szkolny 2026\/2027. Tegoroczna inauguracja mia\u0142a szczeg\u00f3lny charakter, poniewa\u017c wraz z rozpocz\u0119ciem nowego roku szkolnego nast\u0105pi\u0142a zmiana w sk\u0142adzie kadry kierowniczej naszej szko\u0142y.Uroczysto\u015b\u0107 poprowadzili Blanka Lasota i Dawid Palczewski, kt\u00f3rzy powitali dyrekcj\u0119 szko\u0142y, zaproszonych go\u015bci: wicestarost\u0119 powiatu kutnowskiego pani\u0105 Ann\u0119 Konwersk\u0105, prezesa kutnowskiego oddzia\u0142u [&hellip;]<\/p>\n","protected":false},"author":3,"featured_media":0,"comment_status":"closed","ping_status":"open","sticky":false,"template":"","format":"gallery","meta":[],"categories":[34],"tags":[],"_links":{"self":[{"href":"https:\/\/troczewski2.pl\/index.php\/wp-json\/wp\/v2\/posts\/14538"}],"collection":[{"href":"https:\/\/troczewski2.pl\/index.php\/wp-json\/wp\/v2\/posts"}],"about":[{"href":"https:\/\/troczewski2.pl\/index.php\/wp-json\/wp\/v2\/types\/post"}],"author":[{"embeddable":true,"href":"https:\/\/troczewski2.pl\/index.php\/wp-json\/wp\/v2\/users\/3"}],"replies":[{"embeddable":true,"href":"https:\/\/troczewski2.pl\/index.php\/wp-json\/wp\/v2\/comments?post=14538"}],"version-history":[{"count":1,"href":"https:\/\/troczewski2.pl\/index.php\/wp-json\/wp\/v2\/posts\/14538\/revisions"}],"predecessor-version":[{"id":14550,"href":"https:\/\/troczewski2.pl\/index.php\/wp-json\/wp\/v2\/posts\/14538\/revisions\/14550"}],"wp:attachment":[{"href":"https:\/\/troczewski2.pl\/index.php\/wp-json\/wp\/v2\/media?parent=14538"}],"wp:term":[{"taxonomy":"category","embeddable":true,"href":"https:\/\/troczewski2.pl\/index.php\/wp-json\/wp\/v2\/categories?post=14538"},{"taxonomy":"post_tag","embeddable":true,"href":"https:\/\/troczewski2.pl\/index.php\/wp-json\/wp\/v2\/tags?post=14538"}],"curies":[{"name":"wp","href":"https:\/\/api.w.org\/{rel}","templated":true}]}}