{"id":7149,"date":"2023-06-28T17:09:22","date_gmt":"2023-06-28T15:09:22","guid":{"rendered":"https:\/\/troczewski2.pl\/?p=7149"},"modified":"2023-06-28T17:09:25","modified_gmt":"2023-06-28T15:09:25","slug":"uroczystosc-zakonczenia-zajec-dydaktycznych-w-roku-szkolnym-2022-2023","status":"publish","type":"post","link":"https:\/\/troczewski2.pl\/index.php\/2023\/06\/28\/uroczystosc-zakonczenia-zajec-dydaktycznych-w-roku-szkolnym-2022-2023\/","title":{"rendered":"Uroczysto\u015b\u0107 zako\u0144czenia zaj\u0119\u0107 dydaktycznych w roku szkolnym 2022\/2023"},"content":{"rendered":"\n<p>23 czerwca 2023 r. o godz. 8.30 rozpocz\u0119\u0142a si\u0119 uroczysto\u015b\u0107 zako\u0144czenia zaj\u0119\u0107 dydaktycznych w roku szkolnym 2022\/2023. Pani dyrektor Joanna Zieli\u0144ska powita\u0142a wszystkich zgromadzonych, kr\u00f3tko podsumowa\u0142a miniony rok szkolny oraz \u017cyczy\u0142a absolwentom szko\u0142y trafnych wybor\u00f3w i odpowiedzialno\u015bci. G\u0142os zabra\u0142 r\u00f3wnie\u017c p. M. Jagielski,\u00a0wizytator Delegatury Kuratorium O\u015bwiaty w \u0141odzi z siedzib\u0105 w\u00a0<em>Kutnie, kt\u00f3ry z\u0142o\u017cy\u0142 serdecznie \u017cyczenia na wakacje, by by\u0142y spokojne i wolne od nat\u0142oku spraw szkolnych. Za rok ci\u0119\u017ckiej pracy podzi\u0119kowa\u0142a te\u017c p. Anna Krygiel, przewodnicz\u0105ca Szkolnej Rady Rodzic\u00f3w. Mi\u0142ym akcentem w czasie uroczysto\u015bci by\u0142o wyst\u0105pienie przedstawicieli firmy Animex, kt\u00f3rzy w ramach programu stypendialnego wyr\u00f3\u017cnili m\u0142odzie\u017c odbywaj\u0105c\u0105 tam praktyk\u0119. Uczniowie o najwy\u017cszej frekwencji i najwi\u0119kszym zaanga\u017cowaniu otrzymali dyplomy uznania, drobne upominki i nagrody finansowe.\u00a0<\/em>W dalszej cz\u0119\u015bci uroczysto\u015bci pani dyrektor Joanna Zieli\u0144ska razem z wychowawcami wr\u0119czy\u0142a\u00a0<strong>\u015bwiadectwa z wyr\u00f3\u017cnieniem oraz nagrody ksi\u0105\u017ckowe<\/strong>\u00a0tym uczniom, kt\u00f3rzy uzyskali bardzo dobre wyniki w nauce i wzorowe zachowanie. Wyr\u00f3\u017cnieni zostali tak\u017ce uczniowie, kt\u00f3rzy\u00a0<strong>promowali nasz\u0105 szko\u0142\u0119 w\u00a0\u015brodowisku lokalnym oraz budowali jej pozytywny wizerunek<\/strong>. Dyplomy dostali te\u017c ci, kt\u00f3rzy w ci\u0105gu roku szkolnego\u00a0<strong>zaanga\u017cowani byli w prac\u0119 w Szkolnym Kole Caritas, osi\u0105gn\u0119li sukcesy w zawodach sportowych, reprezentowali szko\u0142\u0119 w\u00a0poczcie sztandarowym lub konkursach przedmiotowych<\/strong>. Nast\u0119pnie\u00a0<strong>\u015bwiadectwa otrzymali absolwenci Bran\u017cowej Szko\u0142y I Stopnia kucharz i magazynier\/logistyk<\/strong>, kt\u00f3rzy z\u0142o\u017cyli \u015blubowanie na sztandar szko\u0142y. Pani dyrektor skierowa\u0142a s\u0142owa wdzi\u0119czno\u015bci do cz\u0142onk\u00f3w Rady Pedagogicznej oraz wszystkich pracownik\u00f3w szko\u0142y za trud kszta\u0142cenia i wychowania m\u0142odzie\u017cy. Uroczysto\u015b\u0107 zako\u0144czenia roku szkolnego 2022\/2023 zako\u0144czy\u0142y\u00a0<strong>\u017cyczenia s\u0142onecznych, udanych i bezpiecznych wakacji<\/strong>\u00a0oraz kr\u00f3tki wyst\u0119p artystyczny przygotowany przez klas\u0119 III TZ hotel\/terminale pod kierunkiem wychowawcy p. Aleksandry Trukawy.<\/p>\n","protected":false},"excerpt":{"rendered":"<p>23 czerwca 2023 r. o godz. 8.30 rozpocz\u0119\u0142a si\u0119 uroczysto\u015b\u0107 zako\u0144czenia zaj\u0119\u0107 dydaktycznych w roku szkolnym 2022\/2023. Pani dyrektor Joanna Zieli\u0144ska powita\u0142a wszystkich zgromadzonych, kr\u00f3tko podsumowa\u0142a miniony rok szkolny oraz \u017cyczy\u0142a absolwentom szko\u0142y trafnych wybor\u00f3w i odpowiedzialno\u015bci. G\u0142os zabra\u0142 r\u00f3wnie\u017c p. M. Jagielski,\u00a0wizytator Delegatury Kuratorium O\u015bwiaty w \u0141odzi z siedzib\u0105 w\u00a0Kutnie, kt\u00f3ry z\u0142o\u017cy\u0142 serdecznie \u017cyczenia [&hellip;]<\/p>\n","protected":false},"author":1,"featured_media":0,"comment_status":"open","ping_status":"open","sticky":false,"template":"","format":"standard","meta":[],"categories":[34],"tags":[],"_links":{"self":[{"href":"https:\/\/troczewski2.pl\/index.php\/wp-json\/wp\/v2\/posts\/7149"}],"collection":[{"href":"https:\/\/troczewski2.pl\/index.php\/wp-json\/wp\/v2\/posts"}],"about":[{"href":"https:\/\/troczewski2.pl\/index.php\/wp-json\/wp\/v2\/types\/post"}],"author":[{"embeddable":true,"href":"https:\/\/troczewski2.pl\/index.php\/wp-json\/wp\/v2\/users\/1"}],"replies":[{"embeddable":true,"href":"https:\/\/troczewski2.pl\/index.php\/wp-json\/wp\/v2\/comments?post=7149"}],"version-history":[{"count":1,"href":"https:\/\/troczewski2.pl\/index.php\/wp-json\/wp\/v2\/posts\/7149\/revisions"}],"predecessor-version":[{"id":7150,"href":"https:\/\/troczewski2.pl\/index.php\/wp-json\/wp\/v2\/posts\/7149\/revisions\/7150"}],"wp:attachment":[{"href":"https:\/\/troczewski2.pl\/index.php\/wp-json\/wp\/v2\/media?parent=7149"}],"wp:term":[{"taxonomy":"category","embeddable":true,"href":"https:\/\/troczewski2.pl\/index.php\/wp-json\/wp\/v2\/categories?post=7149"},{"taxonomy":"post_tag","embeddable":true,"href":"https:\/\/troczewski2.pl\/index.php\/wp-json\/wp\/v2\/tags?post=7149"}],"curies":[{"name":"wp","href":"https:\/\/api.w.org\/{rel}","templated":true}]}}