{"id":7202,"date":"2023-09-08T19:14:22","date_gmt":"2023-09-08T17:14:22","guid":{"rendered":"https:\/\/troczewski2.pl\/?p=7202"},"modified":"2023-09-08T19:14:24","modified_gmt":"2023-09-08T17:14:24","slug":"narodowe-czytanie-2023","status":"publish","type":"post","link":"https:\/\/troczewski2.pl\/index.php\/2023\/09\/08\/narodowe-czytanie-2023\/","title":{"rendered":"\u201eNarodowe Czytanie 2023\u201d"},"content":{"rendered":"\n<p>8. wrze\u015bnia 2023 roku po raz kolejny nasza szko\u0142a przyst\u0105pi\u0142a do akcji zainicjowanej przez Prezydenta RP pod has\u0142em \u201eNarodowe Czytanie\u201d. Lektur\u0105 czytan\u0105 w tegorocznej edycji by\u0142o \u201eNad Niemnem\u201d Elizy Orzeszkowej. W swoim li\u015bcie Prezydent Andrzej Duda napisa\u0142,&nbsp;\u017ce \u201eto ksi\u0105\u017cka nastrojowa, napisana barwnym j\u0119zykiem, a zarazem dono\u015bna i sugestywna w swoim patriotycznym przes\u0142aniu\u201d i zach\u0119ci\u0142 do spotkania z rodzinami Bohatyrowicz\u00f3w, Korczy\u0144skich i innymi postaciami.&nbsp;Uczniowie wybranych klas razem z nauczycielami czytali fragmenty powie\u015bci, w kt\u00f3rej dziedzictwo powstania styczniowego powraca we wspomnieniach bohater\u00f3w jako symbol i fundament narodowej pami\u0119ci.&nbsp;<\/p>\n\n\n\n<p>&nbsp;&nbsp;&nbsp;&nbsp;&nbsp;&nbsp;&nbsp;&nbsp;&nbsp;&nbsp;&nbsp;&nbsp;Piecz\u0119 nad przedsi\u0119wzi\u0119ciem sprawowa\u0142y panie Justyna Ko\u0142ecka &#8211; nauczyciel bibliotekarz i Karolina Char\u0105\u017cka \u2013 nauczyciel j\u0119zyka polskiego.<\/p>\n\n\n\n<p>&nbsp;&nbsp;&nbsp;&nbsp;&nbsp;&nbsp;&nbsp;&nbsp;&nbsp;&nbsp;&nbsp;&nbsp;Organizacja akcji okaza\u0142a si\u0119 bardzo dobrym pomys\u0142em i z niecierpliwo\u015bci\u0105 czekamy na kolejn\u0105 edycj\u0119 Narodowego Czytania.<\/p>\n","protected":false},"excerpt":{"rendered":"<p>8. wrze\u015bnia 2023 roku po raz kolejny nasza szko\u0142a przyst\u0105pi\u0142a do akcji zainicjowanej przez Prezydenta RP pod has\u0142em \u201eNarodowe Czytanie\u201d. Lektur\u0105 czytan\u0105 w tegorocznej edycji by\u0142o \u201eNad Niemnem\u201d Elizy Orzeszkowej. W swoim li\u015bcie Prezydent Andrzej Duda napisa\u0142,&nbsp;\u017ce \u201eto ksi\u0105\u017cka nastrojowa, napisana barwnym j\u0119zykiem, a zarazem dono\u015bna i sugestywna w swoim patriotycznym przes\u0142aniu\u201d i zach\u0119ci\u0142 do [&hellip;]<\/p>\n","protected":false},"author":1,"featured_media":0,"comment_status":"open","ping_status":"open","sticky":false,"template":"","format":"gallery","meta":[],"categories":[34],"tags":[],"_links":{"self":[{"href":"https:\/\/troczewski2.pl\/index.php\/wp-json\/wp\/v2\/posts\/7202"}],"collection":[{"href":"https:\/\/troczewski2.pl\/index.php\/wp-json\/wp\/v2\/posts"}],"about":[{"href":"https:\/\/troczewski2.pl\/index.php\/wp-json\/wp\/v2\/types\/post"}],"author":[{"embeddable":true,"href":"https:\/\/troczewski2.pl\/index.php\/wp-json\/wp\/v2\/users\/1"}],"replies":[{"embeddable":true,"href":"https:\/\/troczewski2.pl\/index.php\/wp-json\/wp\/v2\/comments?post=7202"}],"version-history":[{"count":1,"href":"https:\/\/troczewski2.pl\/index.php\/wp-json\/wp\/v2\/posts\/7202\/revisions"}],"predecessor-version":[{"id":7208,"href":"https:\/\/troczewski2.pl\/index.php\/wp-json\/wp\/v2\/posts\/7202\/revisions\/7208"}],"wp:attachment":[{"href":"https:\/\/troczewski2.pl\/index.php\/wp-json\/wp\/v2\/media?parent=7202"}],"wp:term":[{"taxonomy":"category","embeddable":true,"href":"https:\/\/troczewski2.pl\/index.php\/wp-json\/wp\/v2\/categories?post=7202"},{"taxonomy":"post_tag","embeddable":true,"href":"https:\/\/troczewski2.pl\/index.php\/wp-json\/wp\/v2\/tags?post=7202"}],"curies":[{"name":"wp","href":"https:\/\/api.w.org\/{rel}","templated":true}]}}