{"id":7220,"date":"2023-10-01T12:52:37","date_gmt":"2023-10-01T10:52:37","guid":{"rendered":"https:\/\/troczewski2.pl\/?p=7220"},"modified":"2023-10-01T12:52:39","modified_gmt":"2023-10-01T10:52:39","slug":"europejski-dzien-jezykow-2","status":"publish","type":"post","link":"https:\/\/troczewski2.pl\/index.php\/2023\/10\/01\/europejski-dzien-jezykow-2\/","title":{"rendered":"Europejski Dzie\u0144 J\u0119zyk\u00f3w"},"content":{"rendered":"\n<p>Decyzj\u0105 Rady Europy 26. dzie\u0144 wrze\u015bnia zosta\u0142 ustanowiony Europejskim Dniem J\u0119zyk\u00f3w. Z tej okazji w naszej szkole odby\u0142a si\u0119 uroczysto\u015b\u0107, kt\u00f3rej celem by\u0142o promowanie r\u00f3\u017cnorodno\u015bci kulturowej i j\u0119zykowej Europy oraz propagowanie uczenia si\u0119 j\u0119zyk\u00f3w przez ca\u0142e \u017cycie.<\/p>\n\n\n\n<p>&nbsp;&nbsp;&nbsp;&nbsp;&nbsp;&nbsp;&nbsp;&nbsp;&nbsp;&nbsp;&nbsp;&nbsp;Uczniowie odegrali r\u00f3\u017cne scenki, zaprezentowali skecz j\u0119zykowy, natomiast Zuzanna \u0141ab\u0119cka z kl. IV TZ technik hotelarstwa za\u015bpiewa\u0142a kilka piosenek, przygrywaj\u0105c na gitarze.&nbsp;<\/p>\n\n\n\n<p>&nbsp;&nbsp;&nbsp;&nbsp;&nbsp;&nbsp;&nbsp;&nbsp;&nbsp;&nbsp;&nbsp;&nbsp;Prowadz\u0105ca Oliwia Dymowska podkre\u015bla\u0142a, jak bardzo znajomo\u015b\u0107 j\u0119zyk\u00f3w obcych u\u0142atwia podr\u00f3\u017cowanie po ca\u0142ym \u015bwiecie, do czego wszystkich zach\u0119ca\u0142a.<\/p>\n\n\n\n<p>\u00a0\u00a0\u00a0\u00a0\u00a0\u00a0\u00a0\u00a0\u00a0\u00a0\u00a0\u00a0Serdecznie dzi\u0119kujemy za \u015bwietn\u0105 zabaw\u0119 i mo\u017cliwo\u015b\u0107 oderwania si\u0119 od\u00a0rzeczywisto\u015bci w podr\u00f3\u017c po Europie.\u00a0<\/p>\n\n\n\n<iframe src=\"https:\/\/www.facebook.com\/plugins\/post.php?href=https%3A%2F%2Fwww.facebook.com%2Fzsztroczewski%2Fposts%2Fpfbid0LUMRbGo6qJFkPXqJxuhwytZqo4dp6UJbkBRP4yxDxX26UHdcgdtcNLwN1jTbnKMyl&#038;show_text=true&#038;width=500\" width=\"500\" height=\"657\" style=\"border:none;overflow:hidden\" scrolling=\"no\" frameborder=\"0\" allowfullscreen=\"true\" allow=\"autoplay; clipboard-write; encrypted-media; picture-in-picture; web-share\"><\/iframe>\n","protected":false},"excerpt":{"rendered":"<p>Decyzj\u0105 Rady Europy 26. dzie\u0144 wrze\u015bnia zosta\u0142 ustanowiony Europejskim Dniem J\u0119zyk\u00f3w. Z tej okazji w naszej szkole odby\u0142a si\u0119 uroczysto\u015b\u0107, kt\u00f3rej celem by\u0142o promowanie r\u00f3\u017cnorodno\u015bci kulturowej i j\u0119zykowej Europy oraz propagowanie uczenia si\u0119 j\u0119zyk\u00f3w przez ca\u0142e \u017cycie. &nbsp;&nbsp;&nbsp;&nbsp;&nbsp;&nbsp;&nbsp;&nbsp;&nbsp;&nbsp;&nbsp;&nbsp;Uczniowie odegrali r\u00f3\u017cne scenki, zaprezentowali skecz j\u0119zykowy, natomiast Zuzanna \u0141ab\u0119cka z kl. IV TZ technik hotelarstwa za\u015bpiewa\u0142a kilka [&hellip;]<\/p>\n","protected":false},"author":1,"featured_media":0,"comment_status":"open","ping_status":"open","sticky":false,"template":"","format":"standard","meta":[],"categories":[34],"tags":[],"_links":{"self":[{"href":"https:\/\/troczewski2.pl\/index.php\/wp-json\/wp\/v2\/posts\/7220"}],"collection":[{"href":"https:\/\/troczewski2.pl\/index.php\/wp-json\/wp\/v2\/posts"}],"about":[{"href":"https:\/\/troczewski2.pl\/index.php\/wp-json\/wp\/v2\/types\/post"}],"author":[{"embeddable":true,"href":"https:\/\/troczewski2.pl\/index.php\/wp-json\/wp\/v2\/users\/1"}],"replies":[{"embeddable":true,"href":"https:\/\/troczewski2.pl\/index.php\/wp-json\/wp\/v2\/comments?post=7220"}],"version-history":[{"count":1,"href":"https:\/\/troczewski2.pl\/index.php\/wp-json\/wp\/v2\/posts\/7220\/revisions"}],"predecessor-version":[{"id":7221,"href":"https:\/\/troczewski2.pl\/index.php\/wp-json\/wp\/v2\/posts\/7220\/revisions\/7221"}],"wp:attachment":[{"href":"https:\/\/troczewski2.pl\/index.php\/wp-json\/wp\/v2\/media?parent=7220"}],"wp:term":[{"taxonomy":"category","embeddable":true,"href":"https:\/\/troczewski2.pl\/index.php\/wp-json\/wp\/v2\/categories?post=7220"},{"taxonomy":"post_tag","embeddable":true,"href":"https:\/\/troczewski2.pl\/index.php\/wp-json\/wp\/v2\/tags?post=7220"}],"curies":[{"name":"wp","href":"https:\/\/api.w.org\/{rel}","templated":true}]}}