{"id":7289,"date":"2023-10-09T18:18:54","date_gmt":"2023-10-09T16:18:54","guid":{"rendered":"https:\/\/troczewski2.pl\/?p=7289"},"modified":"2023-10-21T14:18:57","modified_gmt":"2023-10-21T12:18:57","slug":"bajkowe-otrzesiny","status":"publish","type":"post","link":"https:\/\/troczewski2.pl\/index.php\/2023\/10\/09\/bajkowe-otrzesiny\/","title":{"rendered":"\u201eBajkowe Otrz\u0119siny\u201d"},"content":{"rendered":"\n<p>9 pa\u017adziernika 2023 roku uczniowie klas pierwszych wzi\u0119li udzia\u0142 w&nbsp;<strong>\u201eotrz\u0119sinach\u201d<\/strong>, by sta\u0107 si\u0119 pe\u0142noprawnymi cz\u0142onkami spo\u0142eczno\u015bci uczniowskiej Zespo\u0142u Szk\u00f3\u0142 Zawodowych Nr 2 im. dr. Antoniego Troczewskiego. Tegoroczna impreza odby\u0142a si\u0119 pod nazw\u0105&nbsp;<strong>\u201eBajkowe Otrz\u0119siny\u201d<\/strong>&nbsp;i&nbsp;polega\u0142a na rywalizacji m\u0142odzie\u017cy z klas I o&nbsp;palm\u0119 pierwsze\u0144stwa. Zabaw\u0119 przygotowali zwyci\u0119zcy ubieg\u0142orocznych \u201eotrz\u0119sin\u201d &#8211; uczniowie z klasy&nbsp;<strong>II Technikum Zawodowego \u017cug\/\u017cywn.&nbsp;<\/strong>pod kierunkiem wychowawczyni &#8211; pani&nbsp;<strong>Doroty Rajko<\/strong>.<\/p>\n\n\n\n<p>&nbsp;&nbsp;&nbsp;&nbsp;&nbsp;&nbsp;&nbsp;Program \u201eotrz\u0119sin\u201d zosta\u0142 utrzymany w&nbsp;<strong>bajkowej konwencji<\/strong>. Przygotowano kilka konkurencji, np. pokaz bajkowych stroj\u00f3w, malowanie portretu wychowawcy, rozpoznawanie piosenek z bajek, kalambury czy quiz o szkole.<\/p>\n\n\n\n<p>&nbsp;&nbsp;&nbsp;&nbsp;&nbsp;&nbsp;&nbsp;Po zako\u0144czeniu wszystkich konkurencji i po podliczeniu punktacji przez jury og\u0142oszono werdykt i przedstawiono ko\u0144cow\u0105 klasyfikacj\u0119.&nbsp;&nbsp;Bezkonkurencyjna okaza\u0142a si\u0119&nbsp;<strong>klasa I A&nbsp;&nbsp;Technikum Zawodowego \u2013 technik logistyk<\/strong>, kt\u00f3ra w&nbsp;ramach nagrody, opr\u00f3cz satysfakcji i torby s\u0142odko\u015bci, przygotuje otrz\u0119siny w nast\u0119pnym roku.<\/p>\n\n\n\n<p>Liczymy na podobn\u0105 dawk\u0119 \u015bmiechu, zabawy i&nbsp;dobrej muzyki.&nbsp;<\/p>\n","protected":false},"excerpt":{"rendered":"<p>9 pa\u017adziernika 2023 roku uczniowie klas pierwszych wzi\u0119li udzia\u0142 w&nbsp;\u201eotrz\u0119sinach\u201d, by sta\u0107 si\u0119 pe\u0142noprawnymi cz\u0142onkami spo\u0142eczno\u015bci uczniowskiej Zespo\u0142u Szk\u00f3\u0142 Zawodowych Nr 2 im. dr. Antoniego Troczewskiego. Tegoroczna impreza odby\u0142a si\u0119 pod nazw\u0105&nbsp;\u201eBajkowe Otrz\u0119siny\u201d&nbsp;i&nbsp;polega\u0142a na rywalizacji m\u0142odzie\u017cy z klas I o&nbsp;palm\u0119 pierwsze\u0144stwa. Zabaw\u0119 przygotowali zwyci\u0119zcy ubieg\u0142orocznych \u201eotrz\u0119sin\u201d &#8211; uczniowie z klasy&nbsp;II Technikum Zawodowego \u017cug\/\u017cywn.&nbsp;pod kierunkiem wychowawczyni [&hellip;]<\/p>\n","protected":false},"author":1,"featured_media":0,"comment_status":"open","ping_status":"open","sticky":false,"template":"","format":"gallery","meta":[],"categories":[34],"tags":[],"_links":{"self":[{"href":"https:\/\/troczewski2.pl\/index.php\/wp-json\/wp\/v2\/posts\/7289"}],"collection":[{"href":"https:\/\/troczewski2.pl\/index.php\/wp-json\/wp\/v2\/posts"}],"about":[{"href":"https:\/\/troczewski2.pl\/index.php\/wp-json\/wp\/v2\/types\/post"}],"author":[{"embeddable":true,"href":"https:\/\/troczewski2.pl\/index.php\/wp-json\/wp\/v2\/users\/1"}],"replies":[{"embeddable":true,"href":"https:\/\/troczewski2.pl\/index.php\/wp-json\/wp\/v2\/comments?post=7289"}],"version-history":[{"count":1,"href":"https:\/\/troczewski2.pl\/index.php\/wp-json\/wp\/v2\/posts\/7289\/revisions"}],"predecessor-version":[{"id":7290,"href":"https:\/\/troczewski2.pl\/index.php\/wp-json\/wp\/v2\/posts\/7289\/revisions\/7290"}],"wp:attachment":[{"href":"https:\/\/troczewski2.pl\/index.php\/wp-json\/wp\/v2\/media?parent=7289"}],"wp:term":[{"taxonomy":"category","embeddable":true,"href":"https:\/\/troczewski2.pl\/index.php\/wp-json\/wp\/v2\/categories?post=7289"},{"taxonomy":"post_tag","embeddable":true,"href":"https:\/\/troczewski2.pl\/index.php\/wp-json\/wp\/v2\/tags?post=7289"}],"curies":[{"name":"wp","href":"https:\/\/api.w.org\/{rel}","templated":true}]}}