{"id":7296,"date":"2023-10-16T19:19:07","date_gmt":"2023-10-16T17:19:07","guid":{"rendered":"https:\/\/troczewski2.pl\/?p=7296"},"modified":"2023-10-16T19:19:09","modified_gmt":"2023-10-16T17:19:09","slug":"obsluga-gastronomiczna-den","status":"publish","type":"post","link":"https:\/\/troczewski2.pl\/index.php\/2023\/10\/16\/obsluga-gastronomiczna-den\/","title":{"rendered":"Obs\u0142uga gastronomiczna DEN"},"content":{"rendered":"\n<p>12 pa\u017adziernika 2023 r. w Pa\u0144stwowej Szkole Muzycznej I i II stopnia im. K. Kurpi\u0144skiego w Kutnie, pod patronatem Starostwa Powiatowego, mia\u0142y miejsce uroczyste obchody \u015awi\u0119ta Edukacji Narodowej. Nagrody Starosty Kutnowskiego za miniony rok szkolny otrzyma\u0142y panie: Ma\u0142gorzata G\u0142adysiak oraz Beata Micha\u0142kiewicz.<\/p>\n\n\n\n<p>Zadaniem uczni\u00f3w naszej szko\u0142y by\u0142a nie tylko obs\u0142uga gastronomiczna tej wa\u017cnej uroczysto\u015bci, ale te\u017c przygotowanie przek\u0105sek, za co odpowiedzialni byli praktycznie wszyscy nauczyciele przedmiot\u00f3w zawodowych z pionu gastronomicznego.&nbsp;&nbsp;W dniu uroczysto\u015bci m\u0142odzie\u017c pod opiek\u0105 pani Kariny Karasi\u0144skiej-Pirowskiej wykaza\u0142a si\u0119 precyzyjnym nakryciem sto\u0142\u00f3w i perfekcyjn\u0105 obs\u0142ug\u0105 zaproszonych go\u015bci. Dla uczni\u00f3w bior\u0105cych udzia\u0142 w obs\u0142udze (Wiktoria Wymys\u0142owska, Katarzyna W\u0142odarczyk, Klaudia Zi\u0119tek i Klaudia W\u0142adzi\u0144ska z kl. III TZ \u017cug) by\u0142a to okazja, by wykaza\u0107 si\u0119 umiej\u0119tno\u015bciami zdobytymi na&nbsp;zaj\u0119ciach, a dla naszej szko\u0142y kolejna mo\u017cliwo\u015b\u0107, by zaprezentowa\u0107 si\u0119 w \u015brodowisku lokalnym.&nbsp;<\/p>\n\n\n\n<p>&nbsp;&nbsp;&nbsp;&nbsp;&nbsp;&nbsp;&nbsp;&nbsp;&nbsp;&nbsp;&nbsp;&nbsp;Jak zawsze dowiedli\u015bmy, \u017ce w przygotowaniu i obs\u0142udze imprez okoliczno\u015bciowych jeste\u015bmy bezkonkurencyjni, co jest zas\u0142ug\u0105 nie tylko nauczycieli, ale i uczni\u00f3w, kt\u00f3rzy zaanga\u017cowani byli w to przedsi\u0119wzi\u0119cie.<\/p>\n","protected":false},"excerpt":{"rendered":"<p>12 pa\u017adziernika 2023 r. w Pa\u0144stwowej Szkole Muzycznej I i II stopnia im. K. Kurpi\u0144skiego w Kutnie, pod patronatem Starostwa Powiatowego, mia\u0142y miejsce uroczyste obchody \u015awi\u0119ta Edukacji Narodowej. Nagrody Starosty Kutnowskiego za miniony rok szkolny otrzyma\u0142y panie: Ma\u0142gorzata G\u0142adysiak oraz Beata Micha\u0142kiewicz. Zadaniem uczni\u00f3w naszej szko\u0142y by\u0142a nie tylko obs\u0142uga gastronomiczna tej wa\u017cnej uroczysto\u015bci, ale [&hellip;]<\/p>\n","protected":false},"author":1,"featured_media":0,"comment_status":"open","ping_status":"open","sticky":false,"template":"","format":"gallery","meta":[],"categories":[34],"tags":[],"_links":{"self":[{"href":"https:\/\/troczewski2.pl\/index.php\/wp-json\/wp\/v2\/posts\/7296"}],"collection":[{"href":"https:\/\/troczewski2.pl\/index.php\/wp-json\/wp\/v2\/posts"}],"about":[{"href":"https:\/\/troczewski2.pl\/index.php\/wp-json\/wp\/v2\/types\/post"}],"author":[{"embeddable":true,"href":"https:\/\/troczewski2.pl\/index.php\/wp-json\/wp\/v2\/users\/1"}],"replies":[{"embeddable":true,"href":"https:\/\/troczewski2.pl\/index.php\/wp-json\/wp\/v2\/comments?post=7296"}],"version-history":[{"count":1,"href":"https:\/\/troczewski2.pl\/index.php\/wp-json\/wp\/v2\/posts\/7296\/revisions"}],"predecessor-version":[{"id":7302,"href":"https:\/\/troczewski2.pl\/index.php\/wp-json\/wp\/v2\/posts\/7296\/revisions\/7302"}],"wp:attachment":[{"href":"https:\/\/troczewski2.pl\/index.php\/wp-json\/wp\/v2\/media?parent=7296"}],"wp:term":[{"taxonomy":"category","embeddable":true,"href":"https:\/\/troczewski2.pl\/index.php\/wp-json\/wp\/v2\/categories?post=7296"},{"taxonomy":"post_tag","embeddable":true,"href":"https:\/\/troczewski2.pl\/index.php\/wp-json\/wp\/v2\/tags?post=7296"}],"curies":[{"name":"wp","href":"https:\/\/api.w.org\/{rel}","templated":true}]}}