{"id":8044,"date":"2024-04-28T19:19:23","date_gmt":"2024-04-28T17:19:23","guid":{"rendered":"https:\/\/troczewski2.pl\/?p=8044"},"modified":"2024-05-08T09:51:14","modified_gmt":"2024-05-08T07:51:14","slug":"i-coz-ze-ze-szwecji","status":"publish","type":"post","link":"https:\/\/troczewski2.pl\/index.php\/2024\/04\/28\/i-coz-ze-ze-szwecji\/","title":{"rendered":"I c\u00f3\u017c, \u017ce ze Szwecji!"},"content":{"rendered":"\n<p><em>M\u0142odzie\u017c klas o profilu technik hotelarstwa i technik eksploatacji port\u00f3w i terminali w dniach 17 \u2013 19 kwietnia 2024r.&nbsp;&nbsp;wybra\u0142a si\u0119 w rejs promem Stena Line &#8222;Szwecja w jeden dzie\u0144&#8221;. Rejs sta\u0142 si\u0119 podr\u00f3\u017c\u0105 odkrywc\u00f3w dla wszystkich uczestnik\u00f3w wycieczki. To by\u0142a prawdziwa morska lekcja, podczas kt\u00f3rej uczniowie poznali transport morski oraz urokliwe zak\u0105tki naszego p\u00f3\u0142nocnego, ba\u0142tyckiego s\u0105siada&nbsp;&nbsp;<br>Sp\u0119dzili\u015bmy dwie noce na statku i ca\u0142y dzie\u0144 w Szwecji. Wycieczka pozwoli\u0142a odkry\u0107 kultur\u0119 i tradycj\u0119 tego kraju. Podczas wyjazdu poznali\u015bmy histori\u0119 i zabytki Karlskrony, kt\u00f3re s\u0105 wpisane na List\u0119 \u015awiatowego Dziedzictwa Kultury UNESCO. Zobaczy\u0107 archipelag tysi\u0105ca szkierowych wysp to ogromne geograficzne wyzwanie. Karlskrona to miasto malowniczo po\u0142o\u017cone na 33 wyspach, uznawana jest za najs\u0142oneczniejsze miasto w Szwecji, od XVII wieku g\u0142\u00f3wny port szwedzkiej marynarki wojennej.&nbsp;<\/em><\/p>\n\n\n\n<p><em>Polskie punkty naszego wyjazdu to gdy\u0144skie Muzeum Emigracji, gda\u0144skie fantastyczne Europejskie Centrum Solidarno\u015bci ulokowane w kolebce&nbsp;&nbsp;&nbsp;&nbsp;strajk\u00f3w czyli Stoczni Gda\u0144skiej. Nie mog\u0142o zabrakn\u0105\u0107 urok\u00f3w Sopotu czyli molo i sopockiego Monciaka.<\/em><\/p>\n\n\n\n<p><em>Ba\u0142tyk cudownie \u0142\u0105czy i polecamy wszystkim Szwecj\u0119 i nasze tr\u00f3jmiasto !<\/em><\/p>\n\n\n\n<p><em>Opiekunowie wyieczki:&nbsp;&nbsp;Beata Micha\u0142kiewicz, Marta Doma\u0144ska, El\u017cbieta Olejniczak i Monika \u017buber<\/em><\/p>\n","protected":false},"excerpt":{"rendered":"<p>M\u0142odzie\u017c klas o profilu technik hotelarstwa i technik eksploatacji port\u00f3w i terminali w dniach 17 \u2013 19 kwietnia 2024r.&nbsp;&nbsp;wybra\u0142a si\u0119 w rejs promem Stena Line &#8222;Szwecja w jeden dzie\u0144&#8221;. Rejs sta\u0142 si\u0119 podr\u00f3\u017c\u0105 odkrywc\u00f3w dla wszystkich uczestnik\u00f3w wycieczki. To by\u0142a prawdziwa morska lekcja, podczas kt\u00f3rej uczniowie poznali transport morski oraz urokliwe zak\u0105tki naszego p\u00f3\u0142nocnego, ba\u0142tyckiego [&hellip;]<\/p>\n","protected":false},"author":1,"featured_media":0,"comment_status":"open","ping_status":"open","sticky":false,"template":"","format":"gallery","meta":[],"categories":[34],"tags":[],"_links":{"self":[{"href":"https:\/\/troczewski2.pl\/index.php\/wp-json\/wp\/v2\/posts\/8044"}],"collection":[{"href":"https:\/\/troczewski2.pl\/index.php\/wp-json\/wp\/v2\/posts"}],"about":[{"href":"https:\/\/troczewski2.pl\/index.php\/wp-json\/wp\/v2\/types\/post"}],"author":[{"embeddable":true,"href":"https:\/\/troczewski2.pl\/index.php\/wp-json\/wp\/v2\/users\/1"}],"replies":[{"embeddable":true,"href":"https:\/\/troczewski2.pl\/index.php\/wp-json\/wp\/v2\/comments?post=8044"}],"version-history":[{"count":1,"href":"https:\/\/troczewski2.pl\/index.php\/wp-json\/wp\/v2\/posts\/8044\/revisions"}],"predecessor-version":[{"id":8045,"href":"https:\/\/troczewski2.pl\/index.php\/wp-json\/wp\/v2\/posts\/8044\/revisions\/8045"}],"wp:attachment":[{"href":"https:\/\/troczewski2.pl\/index.php\/wp-json\/wp\/v2\/media?parent=8044"}],"wp:term":[{"taxonomy":"category","embeddable":true,"href":"https:\/\/troczewski2.pl\/index.php\/wp-json\/wp\/v2\/categories?post=8044"},{"taxonomy":"post_tag","embeddable":true,"href":"https:\/\/troczewski2.pl\/index.php\/wp-json\/wp\/v2\/tags?post=8044"}],"curies":[{"name":"wp","href":"https:\/\/api.w.org\/{rel}","templated":true}]}}