{"id":8046,"date":"2024-04-28T19:26:46","date_gmt":"2024-04-28T17:26:46","guid":{"rendered":"https:\/\/troczewski2.pl\/?p=8046"},"modified":"2024-04-28T19:26:48","modified_gmt":"2024-04-28T17:26:48","slug":"nic-nie-tworzy-przyszlosci-tak-jak-marzenia","status":"publish","type":"post","link":"https:\/\/troczewski2.pl\/index.php\/2024\/04\/28\/nic-nie-tworzy-przyszlosci-tak-jak-marzenia\/","title":{"rendered":"\u201eNic nie tworzy przysz\u0142o\u015bci tak, jak marzenia\u201d"},"content":{"rendered":"\n<p>W dniu 26 kwietnia 2024 r. odby\u0142a si\u0119 w naszej szkole uroczysto\u015b\u0107 zako\u0144czenia nauki przez klasy maturalne. Rozpocz\u0119\u0142a si\u0119 ona wyst\u0105pieniem przedstawicielek Samorz\u0105du Uczniowskiego \u2013 Oliwii Dymowskiej i Julii Zi\u00f3\u0142kowskiej, kt\u00f3re powita\u0142y: go\u015bci, dyrekcj\u0119, grono pedagogiczne, absolwent\u00f3w i rodzic\u00f3w. Po wprowadzeniu sztandaru szko\u0142y i&nbsp;od\u015bpiewaniu hymnu pa\u0144stwowego g\u0142os zabra\u0142a pani dyrektor Joanna Zieli\u0144ska, kt\u00f3ra podsumowa\u0142a minione pi\u0119\u0107 lat oraz razem z wychowawcami klas maturalnych \u2013 p. El\u017cbiet\u0105 Golis, p. Agnieszk\u0105 Mularczyk i p. Aleksandr\u0105 Szymczak &#8211; wr\u0119czy\u0142a uczniom \u015bwiadectwa, nagrody i dyplomy, a&nbsp;rodzicom listy gratulacyjne. \u015awiadectwa z wyr\u00f3\u017cnieniem otrzyma\u0142y: Zuzanna \u0141ab\u0119cka i Paulina Stoli\u0144ska, za\u015b dyplomy za bardzo dobre wyniki w nauce, reprezentowanie szko\u0142y w zawodach sportowych i licznych konkursach, za dzia\u0142alno\u015b\u0107 charytatywn\u0105 i artystyczn\u0105 odebra\u0142o wielu absolwent\u00f3w. Serdeczne s\u0142owa w stron\u0119 m\u0142odzie\u017cy ko\u0144cz\u0105cej nauk\u0119 skierowa\u0142a Gabriela Sikorska, przedstawicielka SU i klas czwartych, \u017cycz\u0105c satysfakcjonuj\u0105cych wynik\u00f3w na egzaminie maturalnym.<\/p>\n\n\n\n<p>&nbsp;&nbsp;&nbsp;&nbsp;&nbsp;&nbsp;&nbsp;&nbsp;&nbsp;&nbsp;&nbsp;&nbsp;W dalszej cz\u0119\u015bci uroczysto\u015bci g\u0142os zabrali r\u00f3wnie\u017c przedstawiciele absolwent\u00f3w, kt\u00f3rzy podzi\u0119kowali gronu pedagogicznemu za wsp\u00f3lnie sp\u0119dzone lata, a swoim wychowawcom za wsparcie i&nbsp;wyrozumia\u0142o\u015b\u0107. Absolwenci z\u0142o\u017cyli \u015blubowanie, a po nim wszyscy zgromadzeni obejrzeli program artystyczny przygotowany przez p. Karolin\u0119 Char\u0105\u017ck\u0119 i dziewcz\u0119ta z zespo\u0142u artystycznego. O&nbsp;wystr\u00f3j sali zadbali uczniowie klas IV pod kierunkiem p. M. Ledzion, p. A. Trukawy i p. R. Taglewskiego.<\/p>\n","protected":false},"excerpt":{"rendered":"<p>W dniu 26 kwietnia 2024 r. odby\u0142a si\u0119 w naszej szkole uroczysto\u015b\u0107 zako\u0144czenia nauki przez klasy maturalne. Rozpocz\u0119\u0142a si\u0119 ona wyst\u0105pieniem przedstawicielek Samorz\u0105du Uczniowskiego \u2013 Oliwii Dymowskiej i Julii Zi\u00f3\u0142kowskiej, kt\u00f3re powita\u0142y: go\u015bci, dyrekcj\u0119, grono pedagogiczne, absolwent\u00f3w i rodzic\u00f3w. Po wprowadzeniu sztandaru szko\u0142y i&nbsp;od\u015bpiewaniu hymnu pa\u0144stwowego g\u0142os zabra\u0142a pani dyrektor Joanna Zieli\u0144ska, kt\u00f3ra podsumowa\u0142a minione [&hellip;]<\/p>\n","protected":false},"author":1,"featured_media":0,"comment_status":"open","ping_status":"open","sticky":false,"template":"","format":"gallery","meta":[],"categories":[34],"tags":[],"_links":{"self":[{"href":"https:\/\/troczewski2.pl\/index.php\/wp-json\/wp\/v2\/posts\/8046"}],"collection":[{"href":"https:\/\/troczewski2.pl\/index.php\/wp-json\/wp\/v2\/posts"}],"about":[{"href":"https:\/\/troczewski2.pl\/index.php\/wp-json\/wp\/v2\/types\/post"}],"author":[{"embeddable":true,"href":"https:\/\/troczewski2.pl\/index.php\/wp-json\/wp\/v2\/users\/1"}],"replies":[{"embeddable":true,"href":"https:\/\/troczewski2.pl\/index.php\/wp-json\/wp\/v2\/comments?post=8046"}],"version-history":[{"count":1,"href":"https:\/\/troczewski2.pl\/index.php\/wp-json\/wp\/v2\/posts\/8046\/revisions"}],"predecessor-version":[{"id":8061,"href":"https:\/\/troczewski2.pl\/index.php\/wp-json\/wp\/v2\/posts\/8046\/revisions\/8061"}],"wp:attachment":[{"href":"https:\/\/troczewski2.pl\/index.php\/wp-json\/wp\/v2\/media?parent=8046"}],"wp:term":[{"taxonomy":"category","embeddable":true,"href":"https:\/\/troczewski2.pl\/index.php\/wp-json\/wp\/v2\/categories?post=8046"},{"taxonomy":"post_tag","embeddable":true,"href":"https:\/\/troczewski2.pl\/index.php\/wp-json\/wp\/v2\/tags?post=8046"}],"curies":[{"name":"wp","href":"https:\/\/api.w.org\/{rel}","templated":true}]}}