{"id":8238,"date":"2024-06-21T21:38:41","date_gmt":"2024-06-21T19:38:41","guid":{"rendered":"https:\/\/troczewski2.pl\/?p=8238"},"modified":"2024-06-21T21:38:42","modified_gmt":"2024-06-21T19:38:42","slug":"uroczystosc-zakonczenia-zajec-dydaktycznych-w-roku-szkolnym-2023-2024","status":"publish","type":"post","link":"https:\/\/troczewski2.pl\/index.php\/2024\/06\/21\/uroczystosc-zakonczenia-zajec-dydaktycznych-w-roku-szkolnym-2023-2024\/","title":{"rendered":"Uroczysto\u015b\u0107 zako\u0144czenia zaj\u0119\u0107 dydaktycznych w roku szkolnym 2023\/2024"},"content":{"rendered":"\n<p>21 czerwca 2024 r. o godz. 8.30 rozpocz\u0119\u0142a si\u0119 uroczysto\u015b\u0107 zako\u0144czenia zaj\u0119\u0107 dydaktycznych w roku szkolnym 2023\/2024. Pani dyrektor Joanna Zieli\u0144ska powita\u0142a wszystkich zgromadzonych oraz kr\u00f3tko podsumowa\u0142a miniony rok szkolny. Pogratulowa\u0142a klasom o najwy\u017cszych \u015brednich. W TZ jest to klasa IV technik hotelarstwa ze \u015bredni\u0105 ocen 3,75, za\u015b w BS jest to klasa III logistyk ze \u015bredni\u0105 ocen 3,26. Absolwenci tej klasy w\u0142a\u015bnie jako pierwsi otrzymali&nbsp;&nbsp;\u015bwiadectwa oraz z\u0142o\u017cyli \u015blubowanie na sztandar szko\u0142y. Starszych koleg\u00f3w po\u017cegnali przedstawiciele klas II BS, \u017cycz\u0105c trafnych wybor\u00f3w \u017cyciowych.<\/p>\n\n\n\n<p>W dalszej cz\u0119\u015bci uroczysto\u015bci pani dyrektor Joanna Zieli\u0144ska razem z&nbsp;wychowawcami wr\u0119czy\u0142a \u015bwiadectwa z wyr\u00f3\u017cnieniem oraz nagrody ksi\u0105\u017ckowe tym uczniom, kt\u00f3rzy uzyskali bardzo dobre wyniki w nauce i wzorowe zachowanie. Wyr\u00f3\u017cnieni zostali tak\u017ce uczniowie, kt\u00f3rzy promowali nasz\u0105 szko\u0142\u0119 w&nbsp;\u015brodowisku lokalnym oraz budowali jej pozytywny wizerunek. Dyplomy dostali te\u017c ci, kt\u00f3rzy w ci\u0105gu roku szkolnego zaanga\u017cowani byli w prac\u0119 w&nbsp;Szkolnym Kole Caritas, osi\u0105gn\u0119li sukcesy w zawodach sportowych, reprezentowali szko\u0142\u0119 w&nbsp;poczcie sztandarowym lub konkursach przedmiotowych.<\/p>\n\n\n\n<p>&nbsp;&nbsp;&nbsp;&nbsp;&nbsp;&nbsp;&nbsp;&nbsp;&nbsp;Dyplomy za wyr\u00f3\u017cniaj\u0105ce wyniki w nauce z gratulacjami i wyrazami uznania od Starosty kutnowskiego otrzymali uczniowie z najwy\u017cszymi \u015brednimi: Zuzanna Filipiak, Iwona Stoli\u0144ska, Weronika Dom\u017ca\u0142, Wiktoria Banasiak, Joanna Ko\u0142ek, Polina Hryczyk i Bartosz Rzetelski.<\/p>\n\n\n\n<p>&nbsp;&nbsp;&nbsp;&nbsp;&nbsp;&nbsp;&nbsp;&nbsp;&nbsp;Pani kierownik Julita Ry\u015b przekaza\u0142a kilku uczniom podzi\u0119kowania od&nbsp;hotelu Villa Garden w Kutnie za wykonywanie obowi\u0105zk\u00f3w w ramach zaj\u0119\u0107 praktycznych z du\u017cym zaanga\u017cowaniem, za rzetelno\u015b\u0107, punktualno\u015b\u0107 oraz kreatywno\u015b\u0107 przy rozwi\u0105zywaniu problem\u00f3w.<\/p>\n\n\n\n<p>Pani Dyrektor Joanna Zieli\u0144ska, w nawi\u0105zaniu do tych dyplom\u00f3w dla m\u0142odzie\u017cy, podsumowa\u0142a r\u00f3wnie\u017c tegoroczn\u0105 wsp\u00f3\u0142prac\u0119 z pracodawcami, u&nbsp;kt\u00f3rych praktyczn\u0105 nauk\u0119 zawodu realizuj\u0105 od lat nasi uczniowie.<\/p>\n\n\n\n<p>Nale\u017c\u0105 do nich:&nbsp;&nbsp;<\/p>\n\n\n\n<ul><li>Animex Kutno Sp.,&nbsp;<\/li><li>Zak\u0142ad Mleczarski w Kutnie Zorina Sp. z o.o.,&nbsp;<\/li><li>Vandemoortele Kutno,<\/li><li>Hotel Restauracja Rondo,<\/li><li>Hotel Dw\u00f3r S\u00f3jki,<\/li><li>Villa Garden Grzegorz Smyczy\u0144ski,<\/li><li>Firma Us\u0142ugi Gastronomiczne \u201e Si\u00f3dme Niebo\u201d,<\/li><li>Leroy Merlin,<\/li><li>Zak\u0142ad AMZ \u2013 BIS Sp. z o.o.,<\/li><li>CNH Industrial Sp. z o.o. Kutno,<\/li><li>Krajowa Grupa Spo\u017cywcza S.A. Oddzia\u0142 Cukrownia Dobrzelin w Dobrzelinie,<\/li><li>GoodMills Polska Sp. z o.o. M\u0142yn Kutno,<\/li><li>Ozdowski T.D.J. Zak\u0142ad piekarniczo &#8211; cukierniczy&nbsp;&nbsp;Sp. j.,<\/li><li>Ustronianka Sp. z o.o.,<\/li><li>Polfarmex S.A.,<\/li><li>Omega Pilzno ITiS Godawski&nbsp;&nbsp;&amp; Godawski Sp z o.o.,<\/li><li>MAPEI Polska Sp. z o.o.<\/li><\/ul>\n\n\n\n<p>Pani Dyrektor podkre\u015bli\u0142a, \u017ce zaj\u0119cia praktyczne i praktyki zawodowe odbywane u pracodawc\u00f3w pozwalaj\u0105 m\u0142odzie\u017cy na opanowanie umiej\u0119tno\u015bci zawodowych niezb\u0119dnych do podj\u0119cia pracy w danym zawodzie oraz zastosowanie i pog\u0142\u0119bienie zdobytej wiedzy i umiej\u0119tno\u015bci zawodowych w&nbsp;rzeczywistych warunkach pracy. To w\u0142a\u015bnie dzi\u0119ki efektywnej wsp\u00f3\u0142pracy \u015brodowiska szkolnego z pracodawcami m\u0142odzi ludzie ko\u0144cz\u0105 szko\u0142\u0119 wyposa\u017ceni w do\u015bwiadczenie niezb\u0119dne do funkcjonowania na rynku pracy.<\/p>\n\n\n\n<p>Zako\u0144czenie roku szkolnego 2023\/2024 to znakomita okazja, by j\u0105 posumowa\u0107 i podzi\u0119kowa\u0107: za zaanga\u017cowanie w kszta\u0142cenie i wychowanie m\u0142odzie\u017cy, \u017cyczliwo\u015b\u0107 i zrozumienie problem\u00f3w naszej szko\u0142y. Dyrekcja szko\u0142y wyrazi\u0142a jednocze\u015bnie nadziej\u0119 na dalsz\u0105 wsp\u00f3\u0142prac\u0119 w przysz\u0142ych latach.<\/p>\n\n\n\n<p>&nbsp;&nbsp;&nbsp;&nbsp;&nbsp;&nbsp;&nbsp;&nbsp;&nbsp;W dalszej cz\u0119\u015bci uroczysto\u015bci pani Agnieszka Mularczyk, kt\u00f3ra odpowiedzialna jest za wsp\u00f3\u0142prac\u0119 z&nbsp;Fundacj\u0105 DKMS, wr\u0119czy\u0142a certyfikaty tym, kt\u00f3rzy w tym roku wspomogli j\u0105 w tej pracy, za\u015b pani Ma\u0142gorzata Nowak-Kaczorkiewicz, nauczyciel j\u0119zyka angielskiego, przekaza\u0142a certyfikaty uczniom, kt\u00f3rzy w minionym roku szkolnym poczynili najwi\u0119ksze post\u0119py w nauce tego j\u0119zyka obcego.<\/p>\n\n\n\n<p>&nbsp;&nbsp;&nbsp;&nbsp;&nbsp;&nbsp;&nbsp;&nbsp;&nbsp;Na zako\u0144czenie uroczysto\u015bci Pani Dyrektor uhonorowa\u0142a medalem uczennic\u0119 klasy I A TZ technik logistyk&nbsp;za dobre serce, uczciwo\u015b\u0107 i szlachetno\u015b\u0107.<\/p>\n\n\n\n<p>&nbsp;&nbsp;&nbsp;&nbsp;&nbsp;&nbsp;&nbsp;&nbsp;&nbsp;Z m\u0142odzie\u017c\u0105, po dw\u00f3ch latach pracy w naszej szkole, po\u017cegna\u0142 si\u0119 ksi\u0105dz Mariusz Lewandowski, kt\u00f3ry podzi\u0119kowa\u0142 za mi\u0142\u0105 atmosfer\u0119, wszystkie rozmowy i dobre s\u0142owo.<\/p>\n\n\n\n<p>&nbsp;&nbsp;&nbsp;&nbsp;&nbsp;&nbsp;&nbsp;&nbsp;&nbsp;Uroczysto\u015b\u0107 zako\u0144czy\u0142a&nbsp;<em>przewodnicz\u0105ca Szkolnej Rady Rodzic\u00f3w p. Anna Krygiel,<\/em>&nbsp;<em>kt\u00f3ra z\u0142o\u017cy\u0142a serdeczne \u017cyczenia na wakacje, by&nbsp;by\u0142y spokojne i wolne od&nbsp;nat\u0142oku spraw szkolnych, ale przede wszystkim bezpieczne.<\/em><\/p>\n","protected":false},"excerpt":{"rendered":"<p>21 czerwca 2024 r. o godz. 8.30 rozpocz\u0119\u0142a si\u0119 uroczysto\u015b\u0107 zako\u0144czenia zaj\u0119\u0107 dydaktycznych w roku szkolnym 2023\/2024. Pani dyrektor Joanna Zieli\u0144ska powita\u0142a wszystkich zgromadzonych oraz kr\u00f3tko podsumowa\u0142a miniony rok szkolny. Pogratulowa\u0142a klasom o najwy\u017cszych \u015brednich. W TZ jest to klasa IV technik hotelarstwa ze \u015bredni\u0105 ocen 3,75, za\u015b w BS jest to klasa III logistyk [&hellip;]<\/p>\n","protected":false},"author":1,"featured_media":0,"comment_status":"open","ping_status":"open","sticky":false,"template":"","format":"gallery","meta":[],"categories":[34],"tags":[],"_links":{"self":[{"href":"https:\/\/troczewski2.pl\/index.php\/wp-json\/wp\/v2\/posts\/8238"}],"collection":[{"href":"https:\/\/troczewski2.pl\/index.php\/wp-json\/wp\/v2\/posts"}],"about":[{"href":"https:\/\/troczewski2.pl\/index.php\/wp-json\/wp\/v2\/types\/post"}],"author":[{"embeddable":true,"href":"https:\/\/troczewski2.pl\/index.php\/wp-json\/wp\/v2\/users\/1"}],"replies":[{"embeddable":true,"href":"https:\/\/troczewski2.pl\/index.php\/wp-json\/wp\/v2\/comments?post=8238"}],"version-history":[{"count":1,"href":"https:\/\/troczewski2.pl\/index.php\/wp-json\/wp\/v2\/posts\/8238\/revisions"}],"predecessor-version":[{"id":8268,"href":"https:\/\/troczewski2.pl\/index.php\/wp-json\/wp\/v2\/posts\/8238\/revisions\/8268"}],"wp:attachment":[{"href":"https:\/\/troczewski2.pl\/index.php\/wp-json\/wp\/v2\/media?parent=8238"}],"wp:term":[{"taxonomy":"category","embeddable":true,"href":"https:\/\/troczewski2.pl\/index.php\/wp-json\/wp\/v2\/categories?post=8238"},{"taxonomy":"post_tag","embeddable":true,"href":"https:\/\/troczewski2.pl\/index.php\/wp-json\/wp\/v2\/tags?post=8238"}],"curies":[{"name":"wp","href":"https:\/\/api.w.org\/{rel}","templated":true}]}}