{"id":8615,"date":"2024-11-28T10:31:46","date_gmt":"2024-11-28T09:31:46","guid":{"rendered":"https:\/\/troczewski2.pl\/?p=8615"},"modified":"2024-11-28T10:31:47","modified_gmt":"2024-11-28T09:31:47","slug":"wycieczka-do-fabryki-czekolady-e-wedel","status":"publish","type":"post","link":"https:\/\/troczewski2.pl\/index.php\/2024\/11\/28\/wycieczka-do-fabryki-czekolady-e-wedel\/","title":{"rendered":"Wycieczka do Fabryki czekolady E. Wedel"},"content":{"rendered":"\n<p>W dniu 27 listopada 2024 roku klasy III TZ\u00a0 technik \u017cywienia i us\u0142ug gastronomicznych oraz III TZ technik technologii \u017cywno\u015bci pod opiek\u0105 nauczycielek: Doroty Rajko, Joanny Andrzejewskiej oraz Marioli D\u0119bowskiej odby\u0142y wycieczk\u0119 do Warszawy. Na pocz\u0105tku byli\u015bmy na tarasie widokowym Pa\u0142acu Kultury i Nauki.\u00a0 Nast\u0119pnym etapem wycieczki by\u0142a wizyta w Fabryce czekolady E. Wedel. Muzeum czekolady to szczeg\u00f3lne miejsce, w kt\u00f3rym nieustannie p\u0142ynie czekolada, a jej s\u0142odki zapach roztacza si\u0119 po ca\u0142ym budynku. Wystawa ta powsta\u0142a z ch\u0119ci dzielenia si\u0119 pasj\u0105 do niej. Uczniowie odkryli tajniki niezwyk\u0142ego procesu, jakim jest produkcja czekolady, dowiedzieli si\u0119, jak z ziarna kakaowca powstaj\u0105 s\u0142odycze kt\u00f3rymi delektujemy si\u0119 na co dzie\u0144. Poznali r\u00f3wnie\u017c fascynuj\u0105c\u0105 histori\u0119 rodziny Wedl\u00f3w. Podczas zwiedzania fabryki mogli wszystkimi zmys\u0142ami: dotykiem, w\u0119chem i smakiem odkry\u0107 wyj\u0105tkow\u0105 czekoladow\u0105 histori\u0119 tego miejsca.<\/p>\n","protected":false},"excerpt":{"rendered":"<p>W dniu 27 listopada 2024 roku klasy III TZ\u00a0 technik \u017cywienia i us\u0142ug gastronomicznych oraz III TZ technik technologii \u017cywno\u015bci pod opiek\u0105 nauczycielek: Doroty Rajko, Joanny Andrzejewskiej oraz Marioli D\u0119bowskiej odby\u0142y wycieczk\u0119 do Warszawy. Na pocz\u0105tku byli\u015bmy na tarasie widokowym Pa\u0142acu Kultury i Nauki.\u00a0 Nast\u0119pnym etapem wycieczki by\u0142a wizyta w Fabryce czekolady E. Wedel. Muzeum [&hellip;]<\/p>\n","protected":false},"author":1,"featured_media":0,"comment_status":"open","ping_status":"open","sticky":false,"template":"","format":"gallery","meta":[],"categories":[34],"tags":[],"_links":{"self":[{"href":"https:\/\/troczewski2.pl\/index.php\/wp-json\/wp\/v2\/posts\/8615"}],"collection":[{"href":"https:\/\/troczewski2.pl\/index.php\/wp-json\/wp\/v2\/posts"}],"about":[{"href":"https:\/\/troczewski2.pl\/index.php\/wp-json\/wp\/v2\/types\/post"}],"author":[{"embeddable":true,"href":"https:\/\/troczewski2.pl\/index.php\/wp-json\/wp\/v2\/users\/1"}],"replies":[{"embeddable":true,"href":"https:\/\/troczewski2.pl\/index.php\/wp-json\/wp\/v2\/comments?post=8615"}],"version-history":[{"count":1,"href":"https:\/\/troczewski2.pl\/index.php\/wp-json\/wp\/v2\/posts\/8615\/revisions"}],"predecessor-version":[{"id":8629,"href":"https:\/\/troczewski2.pl\/index.php\/wp-json\/wp\/v2\/posts\/8615\/revisions\/8629"}],"wp:attachment":[{"href":"https:\/\/troczewski2.pl\/index.php\/wp-json\/wp\/v2\/media?parent=8615"}],"wp:term":[{"taxonomy":"category","embeddable":true,"href":"https:\/\/troczewski2.pl\/index.php\/wp-json\/wp\/v2\/categories?post=8615"},{"taxonomy":"post_tag","embeddable":true,"href":"https:\/\/troczewski2.pl\/index.php\/wp-json\/wp\/v2\/tags?post=8615"}],"curies":[{"name":"wp","href":"https:\/\/api.w.org\/{rel}","templated":true}]}}