{"id":9839,"date":"2025-06-02T13:23:46","date_gmt":"2025-06-02T11:23:46","guid":{"rendered":"https:\/\/troczewski2.pl\/?p=9839"},"modified":"2025-06-02T22:48:54","modified_gmt":"2025-06-02T20:48:54","slug":"swieto-szkoly-2025","status":"publish","type":"post","link":"https:\/\/troczewski2.pl\/index.php\/2025\/06\/02\/swieto-szkoly-2025\/","title":{"rendered":"\u015awi\u0119to Szko\u0142y 2025"},"content":{"rendered":"\n<p>30 maja by\u0142 wyj\u0105tkowym dniem dla ca\u0142ej spo\u0142eczno\u015bci szkolnej. \u015awi\u0119towano nie tylko przypadaj\u0105cy 1 czerwca Dzie\u0144 Patrona Zespo\u0142u Szk\u00f3\u0142 Zawodowych Nr &nbsp;2 &#8211; dr. Antoniego Troczewskiego, ale tak\u017ce 30&#8211;lecie nadania imienia szkole.<\/p>\n\n\n\n<p>Na uroczysto\u015b\u0107 przybyli przedstawiciele organu prowadz\u0105cego oraz firm i zak\u0142ad\u00f3w, w kt\u00f3rych praktyczn\u0105 nauk\u0119 zawodu realizuj\u0105 od lat nasi uczniowie. Mieli\u015bmy zaszczyt go\u015bci\u0107 Wicestarost\u0119 Powiatu Kutnowskiego pani\u0105 Ann\u0119 Konwersk\u0105 &nbsp;oraz pana &nbsp;Marka Wo\u015bko Prezesa Zarz\u0105du &nbsp;Polfarmex S.A.<\/p>\n\n\n\n<p>Obchody \u015awi\u0119ta Szko\u0142y rozpocz\u0119\u0142y si\u0119 od\u015bpiewaniem hymnu narodowego. Nast\u0119pnie g\u0142os zabra\u0142a pani Dyrektor Joanna Zieli\u0144ska, kt\u00f3ra podkre\u015bli\u0142a znaczenie plac\u00f3wki w kultywowaniu tradycji kszta\u0142cenia zawodowego, a tak\u017ce zapozna\u0142a zgromadzonych z bogat\u0105 ofert\u0105 edukacyjn\u0105 szko\u0142y i osi\u0105gni\u0119ciami uczni\u00f3w w konkursach i olimpiadach.<\/p>\n\n\n\n<p>Pan Rafa\u0142 Taglewski i pan Grzegorz Wojtasiak og\u0142osili wyniki Konkursu Wiedzy o Patronie Szko\u0142y, kt\u00f3rego laureatami w tym roku zostali uczniowie: Antoni B\u0142aszczak \u2013 I miejsce; Szymon Cyper \u2013 II miejsce oraz Klaudia Gajewska \u2013 III miejsce, a nast\u0119pnie obejrzeli\u015bmy prezentacj\u0119 i program artystyczny przygotowany przez pani\u0105 Mart\u0119 Doma\u0144sk\u0105, pana Ra\u0142a\u0142a Taglewskiego i pana Grzegorza Wojtasiaka\u00a0w wykonaniu uczni\u00f3w klasy III TT\/LOG, kt\u00f3rzy z aktorsk\u0105 lekko\u015bci\u0105 \u00a0przenie\u015bli nas w czasy doktora Antoniego Troczewskiego.<\/p>\n\n\n\n<p>Wyj\u0105tkowym momentem by\u0142o wr\u0119czenie statuetek \u2013 \u201eAnto\u015bk\u00f3w\u201d \u2013 wyr\u00f3\u017cnie\u0144 przyznawanych nauczycielom przez Samorz\u0105d Uczniowski ulubionym nauczycielom w dow\u00f3d&nbsp; uznania za zaanga\u017cowanie i prac\u0119 na rzecz szko\u0142y. W tym roku nagrodzeni zostali: pani Danuta Maj (w kategorii \u201eKultowy Styl\u201d), pan Grzegorz Wojtasiak (w kategorii \u201eSokole Oko\u201d), pan Rafa\u0142 Taglewski (w kategorii \u201eMistrz Ci\u0119tej Riposty\u201d), pani Izabela Kowalik (w kategorii \u201eSkoczek Roku\u201d), pani Julita Ry\u015b (w kategorii \u201eMentorka Przysz\u0142o\u015bci\u201d), pani Aleksandra Rutkowska (w kategorii \u201eDebiut Roku\u201d) i w a\u017c dw\u00f3ch kategoriach &#8211; pani Karina Karasi\u0144ska- Pirowska (w kategorii \u201e Z\u0142ota Torba\u201d i w kategorii \u201eBratnia Dusza\u201d). Nagrodzeni zostali tak\u017ce uczniowie: Bartosz Kotli\u0144ski (w kategorii \u201eNajlepszy Sportowiec\u201d) ,Julia Olczak (w kategorii \u201eMistrz Zawodu\u201d), Dawid Palczewski (w kategorii \u201eCichy Bohater\u201d), Nadia Zi\u00f3\u0142kowska (w kategorii \u201e\u017bartowni\u015b Roku\u201d), a tak\u017ce dru\u017cyna pi\u0142karska ch\u0142opc\u00f3w (w kategorii Najlepsza Dru\u017cyna Sportowa\u201d).<\/p>\n\n\n\n<p>Podczas tego wyj\u0105tkowego spotkania nauczyciele i uczniowie zaprezentowali dzia\u0142ania szko\u0142y w ramach kszta\u0142cenia zawodowego oraz projektu Erasmus+. Pani kierownik Julita Ry\u015b i pani Monika Gasik podkre\u015bli\u0142y, \u017ce praktyki w Grecji da\u0142y m\u0142odzie\u017cy szans\u0119 na dost\u0119p do nowoczesnych technologii i u\u0142atwi\u0142y zdobycie umiej\u0119tno\u015bci przydatnych w dalszej karierze zawodowej na rynku krajowym&nbsp; i zagranicznym. Pobyt na sta\u017cu na Krecie w malowniczej miejscowo\u015bci Rethymno pozwoli\u0142 uczniom rozwin\u0105\u0107 kompetencje organizacyjne, spo\u0142eczne i osobiste. Uczniowie podzielili si\u0119 swoimi do\u015bwiadczeniami i pocz\u0119stowali go\u015bci pysznymi sa\u0142atkami pachn\u0105cymi greckim s\u0142o\u0144cem\u2026<\/p>\n\n\n\n<p>Ten dzie\u0144 na zawsze zapisa\u0142 si\u0119 w kronice wa\u017cnych szkolnych wydarze\u0144. Tworzymy histori\u0119. Min\u0119\u0142o ponad sto lat, a duch patrona \u2013 doktora Antoniego Troczewskiego jest wci\u0105\u017c \u017cywy w dzia\u0142aniach szko\u0142y i w jego idea\u0142ach, kt\u00f3re stanowi\u0105 inspiracj\u0119 dla ca\u0142ej spo\u0142eczno\u015bci.<\/p>\n","protected":false},"excerpt":{"rendered":"<p>30 maja by\u0142 wyj\u0105tkowym dniem dla ca\u0142ej spo\u0142eczno\u015bci szkolnej. \u015awi\u0119towano nie tylko przypadaj\u0105cy 1 czerwca Dzie\u0144 Patrona Zespo\u0142u Szk\u00f3\u0142 Zawodowych Nr &nbsp;2 &#8211; dr. Antoniego Troczewskiego, ale tak\u017ce 30&#8211;lecie nadania imienia szkole. Na uroczysto\u015b\u0107 przybyli przedstawiciele organu prowadz\u0105cego oraz firm i zak\u0142ad\u00f3w, w kt\u00f3rych praktyczn\u0105 nauk\u0119 zawodu realizuj\u0105 od lat nasi uczniowie. Mieli\u015bmy zaszczyt go\u015bci\u0107 [&hellip;]<\/p>\n","protected":false},"author":3,"featured_media":0,"comment_status":"open","ping_status":"open","sticky":false,"template":"","format":"gallery","meta":[],"categories":[34],"tags":[],"_links":{"self":[{"href":"https:\/\/troczewski2.pl\/index.php\/wp-json\/wp\/v2\/posts\/9839"}],"collection":[{"href":"https:\/\/troczewski2.pl\/index.php\/wp-json\/wp\/v2\/posts"}],"about":[{"href":"https:\/\/troczewski2.pl\/index.php\/wp-json\/wp\/v2\/types\/post"}],"author":[{"embeddable":true,"href":"https:\/\/troczewski2.pl\/index.php\/wp-json\/wp\/v2\/users\/3"}],"replies":[{"embeddable":true,"href":"https:\/\/troczewski2.pl\/index.php\/wp-json\/wp\/v2\/comments?post=9839"}],"version-history":[{"count":2,"href":"https:\/\/troczewski2.pl\/index.php\/wp-json\/wp\/v2\/posts\/9839\/revisions"}],"predecessor-version":[{"id":9874,"href":"https:\/\/troczewski2.pl\/index.php\/wp-json\/wp\/v2\/posts\/9839\/revisions\/9874"}],"wp:attachment":[{"href":"https:\/\/troczewski2.pl\/index.php\/wp-json\/wp\/v2\/media?parent=9839"}],"wp:term":[{"taxonomy":"category","embeddable":true,"href":"https:\/\/troczewski2.pl\/index.php\/wp-json\/wp\/v2\/categories?post=9839"},{"taxonomy":"post_tag","embeddable":true,"href":"https:\/\/troczewski2.pl\/index.php\/wp-json\/wp\/v2\/tags?post=9839"}],"curies":[{"name":"wp","href":"https:\/\/api.w.org\/{rel}","templated":true}]}}